{"id":1314,"date":"2017-09-03T14:50:11","date_gmt":"2017-09-03T12:50:11","guid":{"rendered":"http:\/\/dominicainslille.fr\/?p=1314"},"modified":"2021-09-28T20:10:49","modified_gmt":"2021-09-28T18:10:49","slug":"le-foyer-saint-dominique-une-nouvelle-rentree","status":"publish","type":"post","link":"https:\/\/dominicainslille.fr\/?p=1314","title":{"rendered":"Le foyer Saint-Dominique"},"content":{"rendered":"<p>Depuis 2014, le foyer Saint-Dominique accueille 40 \u00e9tudiants accompagn\u00e9s par les fr\u00e8res Denis Cerba, directeur et Thomas-Marie Gillet, son assistant.<\/p>\n<p>3 axes structurent la vie des \u00e9tudiants :<br \/>\nfaire vivre le foyer ;<br \/>\napprofondir sa foi ;<br \/>\net s&rsquo;engager dans un service b\u00e9n\u00e9vole.<\/p>\n<p><a href=\"https:\/\/dominicainslille.fr\/wp-content\/uploads\/2017\/09\/b.jpg\"><img loading=\"lazy\" decoding=\"async\" class=\" wp-image-2225 aligncenter\" src=\"https:\/\/dominicainslille.fr\/wp-content\/uploads\/2017\/09\/b-300x111.jpg\" alt=\"\" width=\"430\" height=\"159\" srcset=\"https:\/\/dominicainslille.fr\/wp-content\/uploads\/2017\/09\/b-300x111.jpg 300w, https:\/\/dominicainslille.fr\/wp-content\/uploads\/2017\/09\/b-768x284.jpg 768w, https:\/\/dominicainslille.fr\/wp-content\/uploads\/2017\/09\/b.jpg 930w\" sizes=\"auto, (max-width: 430px) 100vw, 430px\" \/><\/a><\/p>\n<p style=\"text-align: center;\">Inofrmations et contact : <a href=\"http:\/\/www.foyersaintdominique.org\/\">foyersaintdominique.org<\/a><\/p>\n","protected":false},"excerpt":{"rendered":"<p>Depuis 2014, le foyer Saint-Dominique accueille 40 \u00e9tudiants accompagn\u00e9s par les fr\u00e8res Denis Cerba, directeur et Thomas-Marie Gillet, son assistant. 3 axes structurent la vie des \u00e9tudiants : faire vivre le foyer ; approfondir sa foi ; et s&rsquo;engager dans un service b\u00e9n\u00e9vole. Inofrmations et contact : foyersaintdominique.org<\/p>\n","protected":false},"author":1,"featured_media":2225,"comment_status":"open","ping_status":"open","sticky":false,"template":"","format":"standard","meta":{"footnotes":""},"categories":[300],"tags":[244,161,242,243],"class_list":["post-1314","post","type-post","status-publish","format-standard","has-post-thumbnail","hentry","category-vie-du-couvent","tag-dominicains","tag-etudiants","tag-foer","tag-lille"],"_links":{"self":[{"href":"https:\/\/dominicainslille.fr\/index.php?rest_route=\/wp\/v2\/posts\/1314","targetHints":{"allow":["GET"]}}],"collection":[{"href":"https:\/\/dominicainslille.fr\/index.php?rest_route=\/wp\/v2\/posts"}],"about":[{"href":"https:\/\/dominicainslille.fr\/index.php?rest_route=\/wp\/v2\/types\/post"}],"author":[{"embeddable":true,"href":"https:\/\/dominicainslille.fr\/index.php?rest_route=\/wp\/v2\/users\/1"}],"replies":[{"embeddable":true,"href":"https:\/\/dominicainslille.fr\/index.php?rest_route=%2Fwp%2Fv2%2Fcomments&post=1314"}],"version-history":[{"count":3,"href":"https:\/\/dominicainslille.fr\/index.php?rest_route=\/wp\/v2\/posts\/1314\/revisions"}],"predecessor-version":[{"id":2226,"href":"https:\/\/dominicainslille.fr\/index.php?rest_route=\/wp\/v2\/posts\/1314\/revisions\/2226"}],"wp:featuredmedia":[{"embeddable":true,"href":"https:\/\/dominicainslille.fr\/index.php?rest_route=\/wp\/v2\/media\/2225"}],"wp:attachment":[{"href":"https:\/\/dominicainslille.fr\/index.php?rest_route=%2Fwp%2Fv2%2Fmedia&parent=1314"}],"wp:term":[{"taxonomy":"category","embeddable":true,"href":"https:\/\/dominicainslille.fr\/index.php?rest_route=%2Fwp%2Fv2%2Fcategories&post=1314"},{"taxonomy":"post_tag","embeddable":true,"href":"https:\/\/dominicainslille.fr\/index.php?rest_route=%2Fwp%2Fv2%2Ftags&post=1314"}],"curies":[{"name":"wp","href":"https:\/\/api.w.org\/{rel}","templated":true}]}}