{"id":1492,"date":"2018-08-10T19:03:51","date_gmt":"2018-08-10T17:03:51","guid":{"rendered":"http:\/\/dominicainslille.fr\/?p=1492"},"modified":"2018-08-10T19:03:51","modified_gmt":"2018-08-10T17:03:51","slug":"18e-dimanche-du-temps-ordinaire-annee-b-5-aout-2018","status":"publish","type":"post","link":"https:\/\/dominicainslille.fr\/?p=1492","title":{"rendered":"18e dimanche du temps ordinaire \u2013 Ann\u00e9e B \u2013 5 ao\u00fbt 2018"},"content":{"rendered":"<p>&nbsp;<\/p>\n<p><a href=\"https:\/\/dominicainslille.fr\/wp-content\/uploads\/2018\/06\/Jean-Pierre.jpg\"><img loading=\"lazy\" decoding=\"async\" class=\"alignnone size-medium wp-image-1467\" src=\"https:\/\/dominicainslille.fr\/wp-content\/uploads\/2018\/06\/Jean-Pierre-264x300.jpg\" alt=\"\" width=\"264\" height=\"300\" srcset=\"https:\/\/dominicainslille.fr\/wp-content\/uploads\/2018\/06\/Jean-Pierre-264x300.jpg 264w, https:\/\/dominicainslille.fr\/wp-content\/uploads\/2018\/06\/Jean-Pierre-768x873.jpg 768w, https:\/\/dominicainslille.fr\/wp-content\/uploads\/2018\/06\/Jean-Pierre-901x1024.jpg 901w, https:\/\/dominicainslille.fr\/wp-content\/uploads\/2018\/06\/Jean-Pierre.jpg 2019w\" sizes=\"auto, (max-width: 264px) 100vw, 264px\" \/>\u00a0<\/a><\/p>\n<p><a href=\"https:\/\/dominicainslille.fr\/wp-content\/uploads\/2018\/06\/Jean-Pierre.jpg\">Hom\u00e9lie du fr. Jean Pierre M\u00e9rim\u00e9e<\/a><\/p>\n<p>La r\u00e9alit\u00e9 du pain, l\u2019image du pain, le symbole qu\u2019il repr\u00e9sente sont au\u00a0 centre de la pr\u00e9dication chr\u00e9tienne. En ce temps de vacance, je vous propose d\u2019aller faire un tour du c\u00f4t\u00e9 de la basilique sainte Marie-Madeleine de Vezelay pour saisir, \u00e0 titre d\u2019exemple, comment l\u2019iconographie romane notamment a pu inspirer les pr\u00e9dicateurs sur le sujet. Et ce qui \u00e9tait vrai il y a plus d\u2019un\u00a0 mill\u00e9naire l\u2019est toujours aujourd\u2019hui. Ainsi le petit tympan sud qui repr\u00e9sente l\u2019enfant J\u00e9sus\u00a0 envelopp\u00e9 dans des langes a \u00e9t\u00e9 sculpt\u00e9 de fa\u00e7on \u00e0 le faire ressembler \u00e0 un pain \u00ab\u00a0parce qu\u2019il devait servir \u00e0 la nourriture de nos c\u0153urs\u00a0\u00bb d\u00e9veloppe l\u2019auteur d\u2019un sermon de No\u00ebl contemporain. Un autre exemple, le plus c\u00e9l\u00e8bre, est le chapiteau dit du Moulin mystique, d\u00e9crit ainsi par un savant professeur: <em>\u00ab Mo\u00efse v\u00eatu d\u2019une tunique courte et les pieds chauss\u00e9s comme un esclave<\/em> se penche sur l\u2019entonnoir d\u2019un moulin o\u00f9 il d\u00e9verse le contenu du sac de grain qu\u2019il porte sur son \u00e9paule. Saint Paul en toge de citoyen libre tend un autre sac sous la meule pour recueillir la farine. La roue du moulin figure une croix inscrite dans un cercle. C\u2019est la croix qui donne \u00e0 l\u2019ensemble sa coh\u00e9rence.<\/p>\n<p><!--more--><\/p>\n<p>La croix au centre du chapiteau dont toutes les lignes suivent la courbe de la roue.<\/p>\n<p>Oui, tout est fait pour indiquer que la croix est le lieu de transformation d\u2019un monde ancien en une r\u00e9alit\u00e9 enti\u00e8rement nouvelle.<\/p>\n<p>Nous voyons \u00a0Mo\u00efse verser le grain tout brut de la Loi ancienne dans la meule de la Croix. Par sa Passion le Christ en extrait la pure et fine farine de la Nouvelle Alliance que re\u00e7oit l\u2019ap\u00f4tre en homme libre d\u00e9livr\u00e9 de l\u2019esclavage du p\u00e9ch\u00e9 que la Loi rendait in\u00e9vitable. Par la Passion du Christ, l\u2019ap\u00f4tre devient comme \u00a0un fils de Dieu et un fr\u00e8re du Christ, citoyen du ciel, rev\u00eatu de \u00ab\u00a0l\u2019homme nouveau cr\u00e9\u00e9 selon Dieu dans la justice et la saintet\u00e9 conformes \u00e0 la v\u00e9rit\u00e9\u00a0\u00bb comme nous venons de l\u2019entendre dans la lettre aux Eph\u00e9siens.<\/p>\n<p>Poursuivons notre voyage en \u00e9voquons d\u2019autres\u00a0 moulins, plus proches, ceux de la porte d\u2019Arras, \u00e0 Lille-Moulins. \u00a0Quel rapprochement possible entre le moulin mystique de V\u00e9zelay et les moulins qui broyaient la fibre du lin vers le milieu du XIX i\u00e8me si\u00e8cle au Sud de Lille me direz-vous\u00a0? Une certaine r\u00e9alit\u00e9 de l\u2019histoire ouvri\u00e8re du quartier peut-\u00eatre. Celle inscrite sur cette cloche de notre paroisse saint Vincent de Paul qui sonnait l\u2019appel pour l\u2019eucharistie du dimanche, \u00e0 la fois pour le partage du pain du ciel mais aussi pour faire \u00ab\u00a0la guerre aux taudis et \u00e0 la mis\u00e8re ouvri\u00e8re\u00a0\u00bb comme on peut le lire encore sur le bronze de la cloche. Les deux r\u00e9alit\u00e9s \u2013 le pain durement gagn\u00e9 \u00e0 l\u2019usine et le pain partag\u00e9 \u00e0 l\u2019\u00e9glise s\u2019appelaient, se correspondaient l\u2019une l\u2019autre, tenaient d\u2019\u2019une r\u00e9alit\u00e9 commune, celle de l\u2019incarnation.<\/p>\n<p>Notre modeste implantation dominicaine, apr\u00e8s des dizaines d\u2019ann\u00e9es de voisinage dans le quartier souligne, dans cette d\u00e9finition qu\u2019elle a tent\u00e9 d\u2019elle-m\u00eame, que\u00a0: \u00ab\u00a0 \u00a0Ce qui construit la communaut\u00e9, c\u2019est la parole de chacun, \u00e9cout\u00e9e et mise en pratique, \u00e0 la lumi\u00e8re de la parole de Dieu c\u00e9l\u00e9br\u00e9e dans l\u2019eucharistie\u00a0\u00bb Semaine apr\u00e8s semaine, depuis pr\u00e8s de 40 ans maintenant, c\u2019est donc l\u2019eucharistie ici aussi qui nous rassemble, la pure et fine farine du Christ pr\u00e9sent au milieu de son peuple &#8211; comme il l\u2019est ce matin dans cette \u00e9glise pour chacun de nous- et nous partageons le pain venu du ciel, nous partageons le pain de la Parole, le pain de la pr\u00e9sence du Christ au milieu de nous, au milieu de ce quartier, le pain des repas d\u2019une table ouverte, le pain du partage, celui des larmes et celui des rires. Nous apprenons donc ensemble dans la pri\u00e8re et l\u2019amiti\u00e9,\u00a0 \u00a0que l\u2019homme ne vit pas seulement du pain qui remplit l\u2019estomac mais de toute parole qui sort de la bouche de Dieu. A remarquer que J\u00e9sus, lui qui a repouss\u00e9 la tentation de Satan au d\u00e9sert par ces mots, a le premier multipli\u00e9 le pain pour que personne n\u2019en manque, de ceux qui \u00e9taient venus l\u2019\u00e9couter. Or aujourd\u2019hui, nous vivons dans ce p\u00e9ch\u00e9 collectif d\u2019accaparer des richesses qui nous asphyxient alors qu\u2019une partie de l\u2019humanit\u00e9 souffre encore de famine ou de malnutrition. Il ne s\u2019agit pas de se frapper la poitrine ni de se complaire dans je ne sais quelle masochisme mais au minimum de prendre acte d\u2019une aussi profonde injustice et de commencer par faire le peu qu\u2019on peu en la mati\u00e8re si\u00a0 nous voulons communier en v\u00e9rit\u00e9 au corps du Christ. Ainsi Le CCFD-Terre solidaire, comit\u00e9 catholique contre la faim et pour le d\u00e9veloppement, \u00a0premi\u00e8re ONG fran\u00e7aise de d\u00e9veloppement, s\u2019attaque aux causes de la faim dans le monde. Ainsi \u00e9galement cette hospitalit\u00e9 offerte \u00e0 tour de r\u00f4le par les paroisses du doyenn\u00e9 aux dizaines de jeunes migrants isol\u00e9s qui errent dans nos rues.<\/p>\n<p>Oui, notre faim est de go\u00fbter, de communier \u00e0 \u00a0ce pain-pr\u00e9sence du Christ qui lib\u00e8re tout un peuple. De vivre une messe sur le monde, \u00e0 l\u2019\u00e9chelle de l\u2019humanit\u00e9 enti\u00e8re, et pour cela le plus petit doit \u00eatre au centre de la communaut\u00e9, l\u2019exclu invit\u00e9 \u00e0 la premi\u00e8re place du banquet, selon l\u2019enseignement m\u00eame du Christ.<\/p>\n<p>Le concile Vatican II nous l\u2019a rappel\u00e9\u00a0: \u00ab\u00a0L\u2019eucharistie est la source et le sommet de la vie chr\u00e9tienne\u00a0\u00bb Elle est nourriture pour la travers\u00e9e de nos d\u00e9serts, elle nous arrache au n\u00e9ant de nos pens\u00e9es, elle nous renouvelle par une transformation spirituelle chaque fois plus profonde qui nous fait rev\u00eatir l\u2019homme nouveau comme saint Paul l\u2019affirme aux Eph\u00e9siens. L\u2019essentiel est de croire,- mais le croyons-nous vraiment\u00a0? &#8211; que le pain de Dieu, celui qui descend du ciel et qui donne la vie au monde, est donn\u00e9 par le P\u00e8re en la personne de son Fils J\u00e9sus\u00a0: \u00ab\u00a0Moi, je suis le pain de la vie,\u00a0 qui vient \u00e0 moi n\u2019aura plus jamais faim\u00bb. Les p\u00e8res grecs d\u00e9finissaient l\u2019Eucharistie comme le \u00ab\u00a0pharmacon t\u00e8s zoes\u00a0\u00bb le m\u00e9dicament de la vie, le pain des forts dit le psaume d\u2019aujourd\u2019hui, pour les malades que nous sommes. \u00a0C\u2019est bien en pauvres p\u00e9cheurs que nous osons nous approcher dimanche apr\u00e8s dimanche de cette table de la communion toujours ouverte, dans l\u2019esp\u00e9rance de devenir plus forts et plus vivants, selon le c\u0153ur de p\u00e8re de notre Dieu. Amen<\/p>\n","protected":false},"excerpt":{"rendered":"<p>&nbsp; \u00a0 Hom\u00e9lie du fr. Jean Pierre M\u00e9rim\u00e9e La r\u00e9alit\u00e9 du pain, l\u2019image du pain, le symbole qu\u2019il repr\u00e9sente sont au\u00a0 centre de la pr\u00e9dication chr\u00e9tienne. En ce temps de vacance, je vous propose d\u2019aller faire un tour du c\u00f4t\u00e9 de la basilique sainte Marie-Madeleine de Vezelay pour saisir, \u00e0 titre d\u2019exemple, comment l\u2019iconographie romane&hellip;<\/p>\n","protected":false},"author":142,"featured_media":0,"comment_status":"open","ping_status":"open","sticky":false,"template":"","format":"standard","meta":{"footnotes":""},"categories":[10],"tags":[],"class_list":["post-1492","post","type-post","status-publish","format-standard","hentry","category-homelies"],"_links":{"self":[{"href":"https:\/\/dominicainslille.fr\/index.php?rest_route=\/wp\/v2\/posts\/1492","targetHints":{"allow":["GET"]}}],"collection":[{"href":"https:\/\/dominicainslille.fr\/index.php?rest_route=\/wp\/v2\/posts"}],"about":[{"href":"https:\/\/dominicainslille.fr\/index.php?rest_route=\/wp\/v2\/types\/post"}],"author":[{"embeddable":true,"href":"https:\/\/dominicainslille.fr\/index.php?rest_route=\/wp\/v2\/users\/142"}],"replies":[{"embeddable":true,"href":"https:\/\/dominicainslille.fr\/index.php?rest_route=%2Fwp%2Fv2%2Fcomments&post=1492"}],"version-history":[{"count":1,"href":"https:\/\/dominicainslille.fr\/index.php?rest_route=\/wp\/v2\/posts\/1492\/revisions"}],"predecessor-version":[{"id":1493,"href":"https:\/\/dominicainslille.fr\/index.php?rest_route=\/wp\/v2\/posts\/1492\/revisions\/1493"}],"wp:attachment":[{"href":"https:\/\/dominicainslille.fr\/index.php?rest_route=%2Fwp%2Fv2%2Fmedia&parent=1492"}],"wp:term":[{"taxonomy":"category","embeddable":true,"href":"https:\/\/dominicainslille.fr\/index.php?rest_route=%2Fwp%2Fv2%2Fcategories&post=1492"},{"taxonomy":"post_tag","embeddable":true,"href":"https:\/\/dominicainslille.fr\/index.php?rest_route=%2Fwp%2Fv2%2Ftags&post=1492"}],"curies":[{"name":"wp","href":"https:\/\/api.w.org\/{rel}","templated":true}]}}