{"id":1495,"date":"2018-09-16T20:07:18","date_gmt":"2018-09-16T18:07:18","guid":{"rendered":"http:\/\/dominicainslille.fr\/?p=1495"},"modified":"2018-09-16T20:08:15","modified_gmt":"2018-09-16T18:08:15","slug":"1495-2","status":"publish","type":"post","link":"https:\/\/dominicainslille.fr\/?p=1495","title":{"rendered":"24e DIMANCHE DU TEMPS ORDINAIRE \u2013 ANN\u00c9E B \u2013 16 septembre 2018"},"content":{"rendered":"<p><a href=\"https:\/\/dominicainslille.fr\/wp-content\/uploads\/2018\/06\/Fr-Beno\u00eet-2-1.jpg\"><img loading=\"lazy\" decoding=\"async\" class=\"alignnone size-medium wp-image-1471\" src=\"https:\/\/dominicainslille.fr\/wp-content\/uploads\/2018\/06\/Fr-Beno\u00eet-2-1-252x300.jpg\" alt=\"\" width=\"252\" height=\"300\" srcset=\"https:\/\/dominicainslille.fr\/wp-content\/uploads\/2018\/06\/Fr-Beno\u00eet-2-1-252x300.jpg 252w, https:\/\/dominicainslille.fr\/wp-content\/uploads\/2018\/06\/Fr-Beno\u00eet-2-1-768x915.jpg 768w, https:\/\/dominicainslille.fr\/wp-content\/uploads\/2018\/06\/Fr-Beno\u00eet-2-1-860x1024.jpg 860w, https:\/\/dominicainslille.fr\/wp-content\/uploads\/2018\/06\/Fr-Beno\u00eet-2-1.jpg 1691w\" sizes=\"auto, (max-width: 252px) 100vw, 252px\" \/><\/a><a href=\"mailto:benoit.ente@gmail.com\" target=\"_blank\" rel=\"noopener\">\u00a0Hom\u00e9lie du fr\u00e8re Beno\u00eet Ente<\/a><\/p>\n<p>Un homme de parole. C&rsquo;est ainsi que le cin\u00e9aste Wim Wenders d\u00e9finit le pape Fran\u00e7ois dans son dernier film qui vient juste de sortir mercredi. Effectivement, l&rsquo;objectif du film est d&rsquo;abord de mettre en image <strong>la parole<\/strong> d&rsquo;un homme.<\/p>\n<p>La parole d&rsquo;un homme qui introduit un souffle neuf, qui bouscule les habitudes bien \u00e9tablies, comme le choix de son nom <em>Fran\u00e7ois<\/em>. Cela faisait plus de 1000 ans que c&rsquo;\u00e9tait toujours les m\u00eames pr\u00e9noms qui tournaient parmi les \u00e9v\u00eaques de Rome. Franchement dit,\u00a0Il \u00e9tait temps\u00a0!<\/p>\n<p><!--more-->La parole d&rsquo;un homme de responsabilit\u00e9 qui voit bien qu&rsquo;avec son \u00e9lection, on lui tend une patate chaude. Il sait bien qu&rsquo;en acceptant la mitre, il met le pied dans un nid de vip\u00e8res. Dans le film, un enfant, candide, lui demande pourquoi il a voulu \u00eatre pape. <em>Je n&rsquo;ai pas voulu \u00eatre pape<\/em> confesse-t-il. Et pourtant il a accept\u00e9 la mission. Non par masochisme, mais par amour.<\/p>\n<p>La parole d&rsquo;un homme qui porte le souci du monde. Fran\u00e7ois est ravag\u00e9 par le pillage de notre plan\u00e8te avec ses cons\u00e9quences sur le climat et les populations pauvres. Fran\u00e7ois est touch\u00e9 par les milliers de personnes qui meurent chaque ann\u00e9e en mer m\u00e9diterran\u00e9e. Il ne se contente pas d&rsquo;\u00eatre \u00e9mu. Il dit son indignation. Haut et fort. Sa prise de parole est d\u00e9j\u00e0 un acte de courage. Impossible d&rsquo;\u00eatre chr\u00e9tien sans r\u00e9agir face au sort de ces hommes et de notre plan\u00e8te.<\/p>\n<p>La parole d&rsquo;un homme qui justement joint les actes aux mots. Il choisit de voyager \u00e0 Lampedusa, en Centrafrique, de fuir les palais pour vivre dans un appartement. Par ces gestes simples, concrets, il envoie un message lisible par le monde entier. \u00ab si vous ne me croyez pas, croyez du moins \u00e0 cause des \u0153uvres elles-m\u00eames. \u00bb<\/p>\n<p>La parole d&rsquo;un homme qui vous parle les yeux dans les yeux sans sourciller de la mort.<\/p>\n<p>Mais d&rsquo;o\u00f9 ces intuitions lui viennent-elles ? D&rsquo;o\u00f9 lui vient cette force ? De son \u00e9ducation ? Certainement. De son bon sens ? Aussi. De sa soif de v\u00e9rit\u00e9 ? Oui mais cela ne suffit pas \u00e0 tout expliquer. La force du pape Fran\u00e7ois lui vient d&rsquo;une autre parole qui a un jour renvers\u00e9 son c\u0153ur et qui depuis ne l&rsquo;a jamais quitt\u00e9, la parole de J\u00e9sus.<\/p>\n<p>J\u00e9sus fait du neuf. Il ne se contente pas de reproduire le mod\u00e8le Jean-Baptiste, Elie ou un autre proph\u00e8te, non J\u00e9sus introduit une nouveaut\u00e9, du jamais vu, l&rsquo;amour du P\u00e8re.<\/p>\n<p>J\u00e9sus accepte sa mission jusqu&rsquo;au bout, m\u00eame si par moment, il voudrait bien laisser tomber. Surtout quand ses proches abusent de leur pouvoir, d\u00e9rapent ou s&rsquo;endorment au moment o\u00f9 il faudrait sonner l&rsquo;alarme.<\/p>\n<p>J\u00e9sus ne se contente pas de paroles, il pose des actes qui viennent donner chair \u00e0 son amour pour les hommes. Des actes visibles, compr\u00e9hensibles par tous, qui attirent les foules de partout.<\/p>\n<p>J\u00e9sus porte le souci du monde. Il voit la mis\u00e8re du peuple qui ploie sous la charge d&rsquo;une Loi momifi\u00e9e, il voit l&rsquo;hypocrisie des chefs religieux pass\u00e9s ma\u00eetres en rh\u00e9torique spirituelle et qui en profitent grassement. Il voit et il d\u00e9nonce haut et fort.<\/p>\n<p>J\u00e9sus parle face \u00e0 face avec ses disciples de sa mort qui approche. Il leur enseigne comment il va s&rsquo;avancer nu face \u00e0 ses adversaires. M\u00eame si ce n&rsquo;est pas dans l&rsquo;air du temps o\u00f9 si c&rsquo;est inacceptable pour certains.<\/p>\n<p>Bergoglio a suivi J\u00e9sus et J\u00e9sus a fait de lui un homme de parole.<\/p>\n<p>Aujourd&rsquo;hui J\u00e9sus veut faire de chacun d&rsquo;entre nous des hommes et des femmes de parole. Ceux qui, dans le tourbillon des affaires et des sombres perspectives, apportent la lumi\u00e8re d&rsquo;une vie offerte, authentique, fid\u00e8le, humble et joyeuse. Ce n&rsquo;est pas hors de port\u00e9e. C&rsquo;est l\u00e0 dans notre c\u0153ur, dans nos tripes, dans nos esprits, dans nos mains et sur nos l\u00e8vres.<\/p>\n<p>&nbsp;<\/p>\n","protected":false},"excerpt":{"rendered":"<p>\u00a0Hom\u00e9lie du fr\u00e8re Beno\u00eet Ente Un homme de parole. C&rsquo;est ainsi que le cin\u00e9aste Wim Wenders d\u00e9finit le pape Fran\u00e7ois dans son dernier film qui vient juste de sortir mercredi. Effectivement, l&rsquo;objectif du film est d&rsquo;abord de mettre en image la parole d&rsquo;un homme. La parole d&rsquo;un homme qui introduit un souffle neuf, qui bouscule&hellip;<\/p>\n","protected":false},"author":142,"featured_media":0,"comment_status":"open","ping_status":"open","sticky":false,"template":"","format":"standard","meta":{"footnotes":""},"categories":[10],"tags":[],"class_list":["post-1495","post","type-post","status-publish","format-standard","hentry","category-homelies"],"_links":{"self":[{"href":"https:\/\/dominicainslille.fr\/index.php?rest_route=\/wp\/v2\/posts\/1495","targetHints":{"allow":["GET"]}}],"collection":[{"href":"https:\/\/dominicainslille.fr\/index.php?rest_route=\/wp\/v2\/posts"}],"about":[{"href":"https:\/\/dominicainslille.fr\/index.php?rest_route=\/wp\/v2\/types\/post"}],"author":[{"embeddable":true,"href":"https:\/\/dominicainslille.fr\/index.php?rest_route=\/wp\/v2\/users\/142"}],"replies":[{"embeddable":true,"href":"https:\/\/dominicainslille.fr\/index.php?rest_route=%2Fwp%2Fv2%2Fcomments&post=1495"}],"version-history":[{"count":2,"href":"https:\/\/dominicainslille.fr\/index.php?rest_route=\/wp\/v2\/posts\/1495\/revisions"}],"predecessor-version":[{"id":1497,"href":"https:\/\/dominicainslille.fr\/index.php?rest_route=\/wp\/v2\/posts\/1495\/revisions\/1497"}],"wp:attachment":[{"href":"https:\/\/dominicainslille.fr\/index.php?rest_route=%2Fwp%2Fv2%2Fmedia&parent=1495"}],"wp:term":[{"taxonomy":"category","embeddable":true,"href":"https:\/\/dominicainslille.fr\/index.php?rest_route=%2Fwp%2Fv2%2Fcategories&post=1495"},{"taxonomy":"post_tag","embeddable":true,"href":"https:\/\/dominicainslille.fr\/index.php?rest_route=%2Fwp%2Fv2%2Ftags&post=1495"}],"curies":[{"name":"wp","href":"https:\/\/api.w.org\/{rel}","templated":true}]}}