{"id":1499,"date":"2018-09-30T16:48:09","date_gmt":"2018-09-30T14:48:09","guid":{"rendered":"http:\/\/dominicainslille.fr\/?p=1499"},"modified":"2018-09-30T16:48:09","modified_gmt":"2018-09-30T14:48:09","slug":"26e-dimanche-du-temps-ordinaire-annee-b-30-septembre-2018","status":"publish","type":"post","link":"https:\/\/dominicainslille.fr\/?p=1499","title":{"rendered":"26e DIMANCHE DU TEMPS ORDINAIRE \u2013 ANN\u00c9E B \u2013 30 SEPTEMBRE 2018"},"content":{"rendered":"<p><a href=\"https:\/\/dominicainslille.fr\/wp-content\/uploads\/2015\/03\/IMG_4927-e1468220478709.jpg\"><img loading=\"lazy\" decoding=\"async\" class=\"alignnone size-medium wp-image-455\" src=\"https:\/\/dominicainslille.fr\/wp-content\/uploads\/2015\/03\/IMG_4927-e1468220478709-200x300.jpg\" alt=\"\" width=\"200\" height=\"300\" \/><\/a>Hom\u00e9lie du fr\u00e8re Franck Dubois<\/p>\n<p>Je me suis r\u00e9veill\u00e9 l\u2019autre jour, aphone. Puisque je ne pouvais pas aller perdre mon temps en procrastinant \u00e0 c\u00f4t\u00e9 de la machine \u00e0 caf\u00e9, et raconter des b\u00eatises aux fr\u00e8res, je me suis fait une raison. Pour une fois, j\u2019allais pr\u00e9parer l\u2019hom\u00e9lie du dimanche bien en avance\u2026 j\u2019aime autant vous dire que l\u2019Evangile m\u2019a donn\u00e9 des frissons. \u00ab\u00a0Ta main, ton pied, ton \u0153il sont une occasion de chute\u00a0: coupe les\u2026\u00a0\u00bb Pas la peine d\u2019avoir fait dix ans de th\u00e9ologie pour comprendre le message\u00a0: moi, c\u2019est la voix qu\u2019on venait de me couper. Combien y a-t-il de fr\u00e8res pr\u00eacheurs aphone dans le Royaume des Cieux\u00a0? Ils sont peut-\u00eatre l\u00e9gions. Me voici comme par avance agr\u00e9g\u00e9 au troupeau de ceux dont la voix a \u00e9t\u00e9 l\u2019occasion de chute \u2013 c\u2019est le risque du m\u00e9tier. Ai-je scandalis\u00e9\u00a0? peut-\u00eatre, d\u00e9courag\u00e9\u00a0? sans doute, ennuy\u00e9\u00a0? s\u00fbrement, et tout cela par ma parole\u2026<!--more--><\/p>\n<p>Notez que le Seigneur m\u2019envoie un avertissement. Il ne m\u2019a pas compl\u00e9tement, ni d\u00e9finitivement j\u2019esp\u00e8re, \u00f4t\u00e9 la voix\u00a0; mais juste assez pour que je me rende compte de ce que \u00e7a fait. N\u2019ai-je pas us\u00e9 de ma voix en vain\u00a0? Pour critiquer au lieu de b\u00e9nir, pour rab\u00e2cher au lieu d\u2019enseigner&#8230;<\/p>\n<p>Evidemment, cela demande une r\u00e9\u00e9ducation. Comme pour le malheureux qui a perdu sa jambe, son \u0153il, sa main. Qui va donc m\u2019apprendre \u00e0 parler \u00e0 nouveau\u00a0? La solution \u00e9vidente serait d\u2019aller voir des \u00ab\u00a0pros de la parole\u00a0\u00bb, des pr\u00eacheurs quoi, mes fr\u00e8res en gros. Mais d\u2019abord, je suis bien trop orgueilleux pour \u00e7a. Imaginez vous de quoi aurai-je l\u2019air, frappant \u00e0 la cellule de mon voisin\u00a0: \u00ab\u00a0Excuse-moi j\u2019ai perdu ma voix, je pense que c\u2019est un avertissement assez clair, tu ne pourrais pas m\u2019apprendre \u00e0 parler\u00a0? m\u2019apprendre \u00e0 pr\u00eacher quoi, \u00e0 b\u00e9nir\u2026\u00a0\u00bb De toute fa\u00e7on, je ne suis pas certain que \u00e7a marche. Pas s\u00fbr que les pr\u00eacheurs patent\u00e9s soient les plus \u00e0 m\u00eames d\u2019apprendre \u00e0 bien parler. On peut \u00eatre bard\u00e9 de dipl\u00f4me, faire partie des bonnes listes, avoir les bons papiers, et ne pas \u00eatre dans le coup.<\/p>\n<p>Voyez par exemples mes deux grands amis, Eldad et Medad, au temps de Mo\u00efse. Ils ne sont pas avec les autres, les gars s\u00e9rieux, qui ont r\u00e9pondu pr\u00e9sent \u00e0 l\u2019appel le matin, sans doute un peu fiers de faire partie de la liste\u00a0: \u00ab\u00a0Robert\u00a0! &#8211; Pr\u00e9sent &#8211; tu vois je te l\u2019avais dit \u2013 Marcel\u00a0! \u2013 Ah j\u2019en \u00e9tais s\u00fbr.\u00a0\u00bb Et tous en rang par deux suivent Mo\u00efse vers la tente, \u00e0 l\u2019ext\u00e9rieur du camp. \u00ab\u00a0Je vous explique les r\u00e8gles\u00a0: On va proph\u00e9tiser, mais pas n\u2019importe comment. Une part rigoureusement \u00e9gale de l\u2019Esprit va venir sur chacun d\u2019entre vous, mais juste une fois, pour voir, et puis pas de panique les gars, on est \u00e0 loin du camp, donc entre nous, si vous dites des b\u00eatises, \u00e7a ne sortira pas d\u2019ici.\u00a0\u00bb Proph\u00e9tisme un peu light, non\u00a0? Alors qu\u2019Eldad et Medad, eux, allez savoir pourquoi, n\u2019\u00e9taient pas dans la troupe savamment organis\u00e9e des 70 anciens en rang par deux devant la tente. Ils n\u2019\u00e9taient pas dans le coup, parce qu\u2019ils \u00e9taient dans le camp. Peut-\u00eatre parce qu\u2019ils faisaient la grasse matin\u00e9e, ou qu\u2019on avait oubli\u00e9 de les appeler. Qu\u2019importe. Eux aussi proph\u00e9tisent, et pour de vrai, et au milieu de tout le monde, et \u00e7a dure tellement que \u00e7a fait jaser : \u00ab\u00a0Eh dis-donc Mo\u00efse, c\u2019est pas juste, ils proph\u00e9tisent et ils ont pas les bons papiers. Ils n\u2019ont pas le droit\u00a0!\u00a0\u00bb<\/p>\n<p>Ah mais si seulement tout le monde pouvait avoir la gr\u00e2ce d\u2019Eldad et Medad, proph\u00e8tes libres et impr\u00e9vus au milieu de la ville\u00a0! J\u2019ai vite fait de transposer le r\u00e9cit, la encore, pas besoin d\u2019avoir fait de th\u00e8se sur Gr\u00e9goire de Nysse pour comprendre que ceux qui m\u2019apprendront \u00e0 parler, \u00e0 proph\u00e9tiser en somme, ne sont pas forc\u00e9ment les 70 anciens bard\u00e9s de dipl\u00f4me et pr\u00e9vus pour le faire. Non\u2026 il y a des chances que ce soit ailleurs qu\u2019il me faille mendier une r\u00e9\u00e9ducation vocale.<\/p>\n<p>Et l\u00e0 fr\u00e8res et s\u0153urs, \u00e7a commence \u00e0 sentir le roussi pour vous. Parce que s\u2019il y en a qui habitent au milieu du camp ici, de la ville quoi, entre vous et moi, c\u2019est plut\u00f4t vous. S\u2019il y en a qui ne sont a priori pas inscrit sur les listes de proph\u00e8tes officiels, entre vous et nous, c\u2019est plut\u00f4t vous. S\u2019il y a des descendants d\u2019Eldad et Medad dans la salle, ils sont plut\u00f4t de ce c\u00f4t\u00e9-l\u00e0 de l\u2019autel. Bref, comprenez maintenant ceci\u00a0:<\/p>\n<p>Oui, dans l\u2019Eglise, il y a eu, il y a, il y aura du scandale. Parce que, oui, moi le premier avec ma voix au moins, et d\u2019autres, d\u2019autres fa\u00e7ons, ont scandalis\u00e9, parfois tr\u00e8s gravement ceux que J\u00e9sus appelle les petits. (Il y a des borgnes au royaume, mais, voyez-vous, il y a aussi des \u00e9nuques\u2026) Il faut donc se ressaisir. Et cela ne pourra pas se faire sans vous. Je ne vous demande pas de venir au micro pour commencer \u00e0 pr\u00eacher, mais seulement de garder la t\u00eate froide et faire ce que Christ demande\u00a0: soigner, accueillir, et bien-s\u00fbr parfois proph\u00e9tiser sur Dieu et les hommes quand vous aurez de l\u2019inspiration. Vous les avez bien, nul dans l\u2019Eglise n\u2019a le monopole de la proph\u00e9tie ou de la saintet\u00e9. Qui sait si Eldad et Medad ne sont pas rest\u00e9s au camp, parce qu\u2019ils \u00e9taient trop occup\u00e9s \u00e0 leur humble t\u00e2che quotidienne de soigner les pauvres et de donner un verre d\u2019eau par pure charit\u00e9. Et d\u2019ailleurs si \u00e7a tombe ils ne savaient pas qu\u2019ils proph\u00e9tisaient. Parce que leurs proph\u00e9ties n\u2019\u00e9taient peut \u00eatre pas faite de mots, mais juste de gestes\u2026<\/p>\n<p>C\u2019est dans la constance, au milieu des actes quotidiens, r\u00e9p\u00e9t\u00e9s avec fid\u00e9lit\u00e9 et amour, que naissent les plus grands proph\u00e8tes. Au travail, en famille, avec ses amis, dans les engagements associatifs\u00a0: nous avons besoin d\u2019Eldad et Medad \u00e0 la t\u00eate froide, qui ne sont pas apeur\u00e9s par les scandales, fussent-ils les pires, qui secouent l\u2019Eglise. Qui ne se laissent pas abattre par les mauvaises nouvelles. Qui ne perdent pas leur temps \u00e0 lire les commentaires des uns, les critiques des autres, les lamentations et les commis\u00e9rations sur la crise actuelle\u2026 Mais qui sont enti\u00e8rement absorb\u00e9s par la seule chose qui vaille\u00a0: l\u2019urgence de la charit\u00e9. Elle ne fait pas de bruit, et Dieu, comme nous avons aujourd\u2019hui besoin de son silence, du silence de la charit\u00e9. Des proph\u00e8tes, oui, mais aussi discrets qu\u2019Eldad et Medad, dont on n\u2019entendra plus jamais parler dans l\u2019Ecriture.<\/p>\n<p>Saints Eldad et Medad, nous vous en supplions\u00a0: apprenez-nous \u00e0 devenir proph\u00e8tes, apprenez-moi \u00e0 parler.<\/p>\n<p>&nbsp;<\/p>\n","protected":false},"excerpt":{"rendered":"<p>Hom\u00e9lie du fr\u00e8re Franck Dubois Je me suis r\u00e9veill\u00e9 l\u2019autre jour, aphone. Puisque je ne pouvais pas aller perdre mon temps en procrastinant \u00e0 c\u00f4t\u00e9 de la machine \u00e0 caf\u00e9, et raconter des b\u00eatises aux fr\u00e8res, je me suis fait une raison. Pour une fois, j\u2019allais pr\u00e9parer l\u2019hom\u00e9lie du dimanche bien en avance\u2026 j\u2019aime autant&hellip;<\/p>\n","protected":false},"author":142,"featured_media":0,"comment_status":"open","ping_status":"open","sticky":false,"template":"","format":"standard","meta":{"footnotes":""},"categories":[10],"tags":[],"class_list":["post-1499","post","type-post","status-publish","format-standard","hentry","category-homelies"],"_links":{"self":[{"href":"https:\/\/dominicainslille.fr\/index.php?rest_route=\/wp\/v2\/posts\/1499","targetHints":{"allow":["GET"]}}],"collection":[{"href":"https:\/\/dominicainslille.fr\/index.php?rest_route=\/wp\/v2\/posts"}],"about":[{"href":"https:\/\/dominicainslille.fr\/index.php?rest_route=\/wp\/v2\/types\/post"}],"author":[{"embeddable":true,"href":"https:\/\/dominicainslille.fr\/index.php?rest_route=\/wp\/v2\/users\/142"}],"replies":[{"embeddable":true,"href":"https:\/\/dominicainslille.fr\/index.php?rest_route=%2Fwp%2Fv2%2Fcomments&post=1499"}],"version-history":[{"count":1,"href":"https:\/\/dominicainslille.fr\/index.php?rest_route=\/wp\/v2\/posts\/1499\/revisions"}],"predecessor-version":[{"id":1500,"href":"https:\/\/dominicainslille.fr\/index.php?rest_route=\/wp\/v2\/posts\/1499\/revisions\/1500"}],"wp:attachment":[{"href":"https:\/\/dominicainslille.fr\/index.php?rest_route=%2Fwp%2Fv2%2Fmedia&parent=1499"}],"wp:term":[{"taxonomy":"category","embeddable":true,"href":"https:\/\/dominicainslille.fr\/index.php?rest_route=%2Fwp%2Fv2%2Fcategories&post=1499"},{"taxonomy":"post_tag","embeddable":true,"href":"https:\/\/dominicainslille.fr\/index.php?rest_route=%2Fwp%2Fv2%2Ftags&post=1499"}],"curies":[{"name":"wp","href":"https:\/\/api.w.org\/{rel}","templated":true}]}}