{"id":1505,"date":"2018-11-07T18:28:17","date_gmt":"2018-11-07T17:28:17","guid":{"rendered":"http:\/\/dominicainslille.fr\/?p=1505"},"modified":"2018-11-07T18:28:17","modified_gmt":"2018-11-07T17:28:17","slug":"la-toussaint-01-novembre-2018","status":"publish","type":"post","link":"https:\/\/dominicainslille.fr\/?p=1505","title":{"rendered":"LA TOUSSAINT &#8211; 01 novembre 2018"},"content":{"rendered":"<p><a href=\"https:\/\/dominicainslille.fr\/wp-content\/uploads\/2018\/06\/Jean-Pierre.jpg\"><img loading=\"lazy\" decoding=\"async\" class=\"alignnone size-medium wp-image-1467\" src=\"https:\/\/dominicainslille.fr\/wp-content\/uploads\/2018\/06\/Jean-Pierre-264x300.jpg\" alt=\"\" width=\"264\" height=\"300\" srcset=\"https:\/\/dominicainslille.fr\/wp-content\/uploads\/2018\/06\/Jean-Pierre-264x300.jpg 264w, https:\/\/dominicainslille.fr\/wp-content\/uploads\/2018\/06\/Jean-Pierre-768x873.jpg 768w, https:\/\/dominicainslille.fr\/wp-content\/uploads\/2018\/06\/Jean-Pierre-901x1024.jpg 901w, https:\/\/dominicainslille.fr\/wp-content\/uploads\/2018\/06\/Jean-Pierre.jpg 2019w\" sizes=\"auto, (max-width: 264px) 100vw, 264px\" \/><\/a><\/p>\n<p><a href=\"https:\/\/dominicainslille.fr\/wp-content\/uploads\/2018\/06\/Jean-Pierre.jpg\">Hom\u00e9lie du fr. Jean Pierre M\u00e9rim\u00e9e<\/a><\/p>\n<p>Certains d\u2019entre nous sont peut-\u00eatre aujourd\u2019hui dans les dispositions d\u2019esprit d\u2019un L\u00e9on Bloy qui, il y a un si\u00e8cle, au moment de la r\u00e9volution d\u2019Octobre en Russie, attendait \u00ab\u00a0 les cosaques et le Saint Esprit\u00a0\u00bb. Tout simplement parce que le monde est dangereux, aujourd\u2019hui comme hier, et qu\u2019il vaut mieux prendre ses pr\u00e9cautions\u00a0: l\u2019Esprit Saint est \u00e0 ce titre le seul alli\u00e9 s\u00fbr. D\u2019autres encore peuvent \u00eatre angoiss\u00e9s, perdus, d\u00e9prim\u00e9s parce que dans la vie le malheur ne les a pas \u00e9pargn\u00e9s. C\u2019est le cas d\u2019un\u00a0 ami rencontr\u00e9 \u00a0le dernier jour du p\u00e8lerinage du Rosaire \u00e0 Lourdes, il\u00a0 y a un mois. Pendant plus d\u2019une heure il m\u2019a dit sa souffrance\u00a0: Celle d\u2019un p\u00e8re qui a perdu un fils suicid\u00e9 quatre ans plus t\u00f4t dans la force de l\u2019\u00e2ge, d\u2019un p\u00e8re qui est enferm\u00e9 dans une culpabilit\u00e9 qu\u2019il ressasse, ce qu\u2019il aurait d\u00fb faire et qu\u2019il n\u2019a pas fait, ce qu\u2019il aurait d\u00fb dire et \u00a0n\u2019a pas dit\u00a0; la souffrance d\u2019un grand p\u00e8re qui ne voit plus ses petits fils depuis le drame, la m\u00e8re leur interdisant de voir les grands parents\u00a0; la souffrance d\u2019un\u00a0 mari \u00e9galement conscient d\u2019\u00eatre un fardeau pour sa compagne. Nous \u00e9tions au dernier jour du p\u00e8lerinage, il avait pri\u00e9, suppli\u00e9 J\u00e9sus, par Marie, de le lib\u00e9rer de ces tourments, de ces cha\u00eenes, de mettre la paix dans son c\u0153ur et puis rien, le silence de Dieu. J\u2019avais devant moi un\u00a0 homme d\u00e9sesp\u00e9r\u00e9.<\/p>\n<p><!--more--><\/p>\n<p>J\u2019ai bien tent\u00e9 de lui exprimer ma foi en un Dieu Amour, un Dieu qui ne juge pas, un Dieu dont le silence peut se vivre autrement,\u00a0 quand on a\u00a0 compris que \u00ab\u00a0ses pens\u00e9es ne sont pas nos pens\u00e9es et que mille ans sont\u00a0pour lui comme un jour\u2026\u00a0\u00bb. De lui affirmer ma foi en l\u2019homme cr\u00e9\u00e9 \u00e0 l\u2019image de Dieu, qui n\u2019est donc pas l\u2019origine du mal. Lui expliquer que si le mal est bien l\u00e0 r\u00f4dant dans le monde, \u00e0 l\u2019image de ce \u00ab\u00a0lion rugissant,\u00a0 cherchant qui d\u00e9vorer\u00a0\u00bb dont parle le psaume, notre seule r\u00e9ponse est de le combattre de toutes nos forces. Et je lui rappelai quelques belles actions qu\u2019il avait faites. Rien ne semblait pouvoir le sortir de son pessimisme radical. Pessimisme aliment\u00e9 de surcroit, h\u00e9las, \u00a0par une d\u00e9votion suspecte au purgatoire sur le mod\u00e8le\u00a0 \u00a0que\u00a0 l\u2019historien Jean Delumeau a analys\u00e9 sous les termes de \u00ab\u00a0la pastorale de la peur\u00a0\u00bb.<\/p>\n<p>Nous nous sommes s\u00e9par\u00e9s sur cet \u00e9chec. Comme j\u2019ai l\u2019esprit de l\u2019escalier, une heure plus tard, je lui ai envoy\u00e9 le texto suivant\u00a0: \u00ab\u00a0Je crois (\u00e9crit en majuscule) que la communion des saints est plus forte que\u00a0toutes les diableries de la terre\u00a0\u00bb.\u00a0 Sa r\u00e9ponse a \u00e9t\u00e9 laconique\u00a0: \u00ab\u00a0Bien dit, Amen\u00a0\u00bb\u2026mais peu de temps apr\u00e8s, il m\u2019annon\u00e7ait triomphant qu\u2019un de ses petits enfants venait de lui \u00e9crire, renouant enfin la relation apr\u00e8s un silence de quatre ans.<\/p>\n<p>Oui, la communion des saints, la Toussaint, c\u2019est aujourd\u2019hui et c\u2019est tous les jours. C\u2019est la f\u00eate o\u00f9 l\u2019\u00e9glise est catholique pour de bon, v\u00e9ritablement universelle, doublement universelle.<\/p>\n<p>Un, parce que c\u2019est la f\u00eate des saints de toutes les cultures,\u00a0 de l\u2019Asie du Vietnam \u00e0 l\u2019Afrique du Congo, et de tous les temps, de Cl\u00e9ment d\u2019Alexandrie \u00e0 notre fr\u00e8re Pierre Claverie.<\/p>\n<p>Mais \u00e9galement, deux, \u00a0parce que c\u2019est la f\u00eate de tous ceux dont la vie est une illustration des \u00a0\u00ab\u00a0b\u00e9atitudes\u00a0\u00bb, et ils sont l\u00e9gions,\u00a0d\u00e9bordant largement tous les calendriers officiels.<\/p>\n<p>Nous le savons\u00a0: Aujourd\u2019hui, il y a un monde qui meurt et un monde qui na\u00eet. Il y a aujourd\u2019hui un christianisme qui meurt et il faut l\u2019esp\u00e9rer, un christianisme qui na\u00eet en r\u00e9ponse \u00e0 ce retour d\u2019anciennes sagesses pa\u00efennes que nous connaissons bien pour les pratiquer \u00e0 l\u2019occasion\u00a0: Un doigt de sto\u00efcisme pour tenir bon dans l\u2019adversit\u00e9, un brin d\u2019\u00e9picurisme parce qu\u2019il faut bien s\u2019accorder quelques consolations dans ce monde d\u00e9r\u00e9gl\u00e9. La tentation \u00a0panth\u00e9iste enfin au sens o\u00f9 nous envions parfois ceux qui vivent tranquillement sans \u00a0transcendance et sans l\u2019esp\u00e9rance exigeante du Royaume.<\/p>\n<p>Le r\u00e9sultat est que la morale se substitue subrepticement \u00e0 la religion et les sagesses \u00e0 la foi. Face \u00e0 ce constat, les b\u00e9atitudes semblent la r\u00e9f\u00e9rence la plus adapt\u00e9e pour nous aider \u00e0 traverser dans l\u2019esp\u00e9rance ce moment in\u00e9dit . Nous avons \u00e0 reconna\u00eetre l\u2019\u0153uvre de Dieu dans le monde de l\u2019incroyance et des sagesses l\u00e0 o\u00f9 il na\u00eet d\u2019un vrai dialogue et d\u2019une interrogation authentique sur le sens de la vie. J\u2019ai rencontr\u00e9 en Ari\u00e8ge un pr\u00eatre encore jeune du dioc\u00e8se de Pamiers, un des dioc\u00e8ses de France parmi les plus pauvres en pr\u00eatres et en fid\u00e8les. Entre autres initiatives pastorales, il visite les n\u00e9oruraux, ceux qu\u2019on appelait les Zippies dans les ann\u00e9es 70, quand ils venaient s\u2019installer dans les petites vall\u00e9es perdues de la montagne du c\u00f4t\u00e9 de St Girons. Il leur propose de les rencontrer chez eux, \u00a0dans des soir\u00e9es-veill\u00e9es o\u00f9 chacun expose ce qui le fait vivre, la forme de spiritualit\u00e9 qu\u2019il pratique s\u2019il en a une &#8211; du boudhisme zen \u00e0 l\u2019adoration du Soleil &#8211; un peu sur le mode des \u2018disputatio\u2019 du Moyen-Age\u00a0; j\u2019imaginais saint Dominique argumenter jusqu\u2019au petit matin dans ce cadre. En d\u2019autres termes ce jeune pr\u00eatre avait compris que ce monde dit quelque chose de la gr\u00e2ce d\u2019un Dieu qui engendre et sauve tout en pratiquant une humilit\u00e9 qui pourrait faire croire qu\u2019il se retire. Le texte des b\u00e9atitudes\u00a0ne dit pas autre chose. Il a le m\u00e9rite de pouvoir se lire et se vivre sans pr\u00e9alable, sans avoir \u00e0 afficher une quelconque appartenance philosophique ou religieuse. Oui, il est vraiment catholique, adapt\u00e9 aux foules auxquelles J\u00e9sus s\u2019adresse, aujourd\u2019hui comme hier. A nous d\u2019avoir cette capacit\u00e9 d\u2019apprentissage de J\u00e9sus\u00a0: parce que les b\u00e9atitudes, il les a apprises en les voyant \u00e0 l\u2019\u0153uvre chez les pauvres de son village, \u00e0 commencer par ses parents\u00a0; il a rencontr\u00e9 les mis\u00e9ricordieux, les artisans de paix, les pers\u00e9cut\u00e9s pour la justice en arpentant la Galil\u00e9e des nations\u00a0; les doux et les purs, il a port\u00e9 son regard sur eux. Les b\u00e9atitudes, enfin, il les a pratiqu\u00e9es \u00e0 en mourir.<\/p>\n<p>De m\u00eame avons-nous \u00e0 nous laisser changer par les comportements \u00e9vang\u00e9liques que l\u2019ont peut rep\u00e9rer chez ceux que nous rencontrons. L\u2019Esprit saint nous y pr\u00e9c\u00e8de et parle d\u2019une mani\u00e8re qui peut nous surprendre.<\/p>\n<p>Enfin, \u00ab\u00a0On ne na\u00eet pas chr\u00e9tien, on le devient\u00a0\u00bb Cette formule de Tertullien trouve ici toute son actualit\u00e9. Avec les B\u00e9atitudes, on n\u2019est plus dans une logique d\u2019h\u00e9ritage mais dans une logique d\u2019adh\u00e9sion, de conviction, Il faut se laisser engendrer, et c\u2019est un travail, au sens o\u00f9 mettre au monde et se laisser mettre au monde &#8211; le monde de J\u00e9sus, le Royaume- est un travail, quelquefois douloureux.<\/p>\n<p>Le travail de tous ceux qui entendent, s\u2019ils ont l\u2019oreille assez fine, l\u2019appel \u00e0 \u00eatre saint, l\u2019appel \u00e0 se laisser, ensemble &#8211; en peuple &#8211; habiter par l\u2019Esprit, conduire par l\u2019Esprit qui fait de nous des enfants de Dieu. \u00ab\u00a0Et d\u00e8s maintenant nous le sommes\u00a0\u00bb affirme la premi\u00e8re lettre de Saint Jean. C\u2019est notre t\u00e2che, c\u2019est notre esp\u00e9rance, en cette f\u00eate de la Toussaint. Amen<\/p>\n","protected":false},"excerpt":{"rendered":"<p>Hom\u00e9lie du fr. Jean Pierre M\u00e9rim\u00e9e Certains d\u2019entre nous sont peut-\u00eatre aujourd\u2019hui dans les dispositions d\u2019esprit d\u2019un L\u00e9on Bloy qui, il y a un si\u00e8cle, au moment de la r\u00e9volution d\u2019Octobre en Russie, attendait \u00ab\u00a0 les cosaques et le Saint Esprit\u00a0\u00bb. Tout simplement parce que le monde est dangereux, aujourd\u2019hui comme hier, et qu\u2019il vaut&hellip;<\/p>\n","protected":false},"author":142,"featured_media":0,"comment_status":"open","ping_status":"open","sticky":false,"template":"","format":"standard","meta":{"footnotes":""},"categories":[10],"tags":[],"class_list":["post-1505","post","type-post","status-publish","format-standard","hentry","category-homelies"],"_links":{"self":[{"href":"https:\/\/dominicainslille.fr\/index.php?rest_route=\/wp\/v2\/posts\/1505","targetHints":{"allow":["GET"]}}],"collection":[{"href":"https:\/\/dominicainslille.fr\/index.php?rest_route=\/wp\/v2\/posts"}],"about":[{"href":"https:\/\/dominicainslille.fr\/index.php?rest_route=\/wp\/v2\/types\/post"}],"author":[{"embeddable":true,"href":"https:\/\/dominicainslille.fr\/index.php?rest_route=\/wp\/v2\/users\/142"}],"replies":[{"embeddable":true,"href":"https:\/\/dominicainslille.fr\/index.php?rest_route=%2Fwp%2Fv2%2Fcomments&post=1505"}],"version-history":[{"count":1,"href":"https:\/\/dominicainslille.fr\/index.php?rest_route=\/wp\/v2\/posts\/1505\/revisions"}],"predecessor-version":[{"id":1506,"href":"https:\/\/dominicainslille.fr\/index.php?rest_route=\/wp\/v2\/posts\/1505\/revisions\/1506"}],"wp:attachment":[{"href":"https:\/\/dominicainslille.fr\/index.php?rest_route=%2Fwp%2Fv2%2Fmedia&parent=1505"}],"wp:term":[{"taxonomy":"category","embeddable":true,"href":"https:\/\/dominicainslille.fr\/index.php?rest_route=%2Fwp%2Fv2%2Fcategories&post=1505"},{"taxonomy":"post_tag","embeddable":true,"href":"https:\/\/dominicainslille.fr\/index.php?rest_route=%2Fwp%2Fv2%2Ftags&post=1505"}],"curies":[{"name":"wp","href":"https:\/\/api.w.org\/{rel}","templated":true}]}}