{"id":1510,"date":"2018-11-26T05:09:24","date_gmt":"2018-11-26T04:09:24","guid":{"rendered":"http:\/\/dominicainslille.fr\/?p=1510"},"modified":"2018-11-26T05:12:12","modified_gmt":"2018-11-26T04:12:12","slug":"dimanche-33eme-semaine-du-temps-ordinaire-annee-b-251118-jn-18-33b-37","status":"publish","type":"post","link":"https:\/\/dominicainslille.fr\/?p=1510","title":{"rendered":"Notre Seigneur J\u00e9sus Christ Roi de l&rsquo;Univers-Jn 18, 33b-37"},"content":{"rendered":"<p><a href=\"https:\/\/dominicainslille.fr\/wp-content\/uploads\/2015\/03\/IMG_4927-e1468220478709.jpg\"><img loading=\"lazy\" decoding=\"async\" class=\"alignnone size-medium wp-image-455\" src=\"https:\/\/dominicainslille.fr\/wp-content\/uploads\/2015\/03\/IMG_4927-e1468220478709-200x300.jpg\" alt=\"\" width=\"200\" height=\"300\" \/><\/a>Hom\u00e9lie du fr\u00e8re Franck Dubois<\/p>\n<p>Christ \u00a0Roi<\/p>\n<p>J\u00e9sus, ta royaut\u00e9 n\u2019est pas de ce monde, et on a presque envie de le regretter. Presque envie de dire, c\u2019est un peu facile. En voyant combien aujourd\u2019hui il est difficile de gouverner, combien exercer l\u2019autorit\u00e9 est p\u00e9rilleux. Quelle fragilit\u00e9 dans nos institutions politiques, syndicales, eccl\u00e9siales. Face \u00e0 une col\u00e8re sourde, incontr\u00f4lable, inorganis\u00e9e dans ce pays on se demande parfois si l\u2019on en n\u2019est pas revenu \u00e0 la case d\u00e9part\u00a0o\u00f9 il faudrait tout reconstruire, des lieux de parole et de concertation, o\u00f9 la col\u00e8re puisse se muer en prise de responsabilit\u00e9, o\u00f9 les slogans utopiques et un brin na\u00effs se transformer en action, et se r\u00e9aliser concr\u00e8tement, en tenant compte du monde r\u00e9el, avec ses contraintes et ses limites.<!--more--><\/p>\n<p>J\u00e9sus, tu ne pourrais pas revenir, avec ou sans gilet jaune, monter sur un cageot en bois, en haut d\u2019un rond-point \u00e0 Sangatte ou sur le Chams Elys\u00e9es, pour venir mettre un peu de paix et surtout de raison dans tout ce chaos et ce mal \u00eatre. Oh vous allez me dire\u00a0: \u00ab\u00a0Voil\u00e0 qui est bien dangereux mon fr\u00e8re, en un tour de passe-passe d\u2019autres que vous ont essay\u00e9 le truc. \u2018J\u00e9sus n\u2019est pas l\u00e0, je le remplace provisoirement, je vais parler en son nom, et vous dire ce qu\u2019il faut faire en attendant qu\u2019il revienne.\u2019 Eglise et politique ne font pas bon m\u00e9nage.\u00a0\u00bb<\/p>\n<p>Mais je n\u2019ai pas cela en t\u00eate, seulement les paroles de J\u00e9sus\u00a0: \u00ab\u00a0Je suis n\u00e9, je suis venu dans le monde pour ceci\u00a0: rendre t\u00e9moignage \u00e0 la v\u00e9rit\u00e9. Quiconque appartient \u00e0 la v\u00e9rit\u00e9 \u00e9coute ma voix.\u00a0\u00bb\u00a0 Et je me dis\u00a0: o\u00f9 est-elle cette v\u00e9rit\u00e9 \u00e0 laquelle J\u00e9sus est venu rendre t\u00e9moignage\u00a0? peut-\u00eatre qu\u2019on l\u2019a tellement foul\u00e9e aux pieds, tellement relativis\u00e9e, tellement dout\u00e9e que cette v\u00e9rit\u00e9, que la v\u00e9rit\u00e9 semble aujourd\u2019hui en fuite. Et alors tout vacille, parce que plus aucun discours ne tient bon, plus aucune parole n\u2019est amarr\u00e9e au roc du vrai, au rocher imprenable de la raison, au consensus qui \u00e9mane d\u2019une parole sage. Des fake news au gilet jaunes, il n\u2019y a qu\u2019un pas. Non pas que la col\u00e8re des manifestants soit fausse, ou qu\u2019il faille la prendre de haut, mais la question demeure aujourd\u2019hui\u00a0: sur quelle v\u00e9rit\u00e9 commune pourra-t-on construire un avenir commun\u00a0?<\/p>\n<p>J\u00e9sus, ton Royaume n\u2019est certes pas de ce monde, mais ta v\u00e9rit\u00e9 l\u2019est bien. Puisque tu lui rends t\u00e9moignage. Et si c\u2019est vrai, il serait temps de partir \u00e0 sa recherche. Traquer cette v\u00e9rit\u00e9 l\u00e0 o\u00f9 elle s\u2019est retir\u00e9e, parce qu\u2019elle ne s\u2019impose pas, parce qu\u2019elle ne fait pas de bruit et que le brouhaha des klaxons et des explosions, ici ou \u00e0 l\u2019autre bout du monde, l\u2019a couverte tout \u00e0 fait. \u00ab\u00a0Quiconque appartient \u00e0 la v\u00e9rit\u00e9 \u00e9coute ma voix\u00a0\u00bb, peut \u00eatre bien qu\u2019en \u00e9coutant ta voix, on pourra la trouver cette v\u00e9rit\u00e9, lui appartenir m\u00eame. M\u00e9diter la Parole de Dieu, c\u2019est peut-\u00eatre un premier pas, un premier rem\u00e8de pour essayer de d\u00e9busquer le vrai du faux, l\u2019\u00e9ternel de l\u2019\u00e9ph\u00e9m\u00e8re. La v\u00e9rit\u00e9, elle est loin des passions, et m\u00eame des \u00e9motions dont on finit par penser qu\u2019elles sont l\u2019alpha et l\u2019omega qui guiderait nos conduites.<\/p>\n<p>Ton Royaume n\u2019est pas de ce monde, et ce monde n\u2019est pas \u2013 encore \u2013 ton Royaume. Il faudra bien l\u2019accepter un jour. Ici et maintenant nous ne pouvons pas tout avoir. Tu es Roi Seigneur, et notre soif d\u2019absolu ne peut trouver qu\u2019en toi sa r\u00e9ponse. Ici et maintenant la limite, forc\u00e9ment, s\u2019impose en toute chose et dans nos modes de consommations d\u2019abord. Nous ne pouvons pas continuer \u00e0 piller la terre de ses ressources, \u00e0 vivre bien au-dessus de nos moyens, comme si toujours il y aura de quoi satisfaire nos d\u00e9sirs immod\u00e9r\u00e9s. Nous ne pouvons pas penser que le monde nous appartient, \u00e0 nous, les hommes et que nous pouvons en faire ce que nous voulons alors qu\u2019il t\u2019appartient \u00e0 toi, Dieu, et que tu nous l\u2019as donn\u00e9 pour le cultiver, non l\u2019exploiter.<\/p>\n<p>Nous ne pouvons pas continuer \u00e0 nous d\u00e9chirer, \u00e0 se battre comme des diables pour les derni\u00e8res miettes d\u2019un g\u00e2teau qui ne cesse de se rabougrir. Parce que le Roi ne reviendra pas dans un monde o\u00f9 ses serviteurs se d\u00e9chirent. Parce que le Roi ne reviendra pas dans un monde sali par nos usines polluantes, nos for\u00eats d\u00e9cim\u00e9es, notre b\u00e9ton d\u00e9vorant. Parce que le Roi attend que nous lui ayons pr\u00e9par\u00e9 un monde capable de son Royaume, de paix et de fraternit\u00e9. Un monde beau et bon.<\/p>\n<p>Alors\u2026 tu reviendras dans la gloire et alors tu nous demanderas\u00a0: \u00ab\u00a0qu\u2019avez-vous fait de mon Royaume\u00a0?\u00a0\u00bb<\/p>\n","protected":false},"excerpt":{"rendered":"<p>Hom\u00e9lie du fr\u00e8re Franck Dubois Christ \u00a0Roi J\u00e9sus, ta royaut\u00e9 n\u2019est pas de ce monde, et on a presque envie de le regretter. Presque envie de dire, c\u2019est un peu facile. En voyant combien aujourd\u2019hui il est difficile de gouverner, combien exercer l\u2019autorit\u00e9 est p\u00e9rilleux. Quelle fragilit\u00e9 dans nos institutions politiques, syndicales, eccl\u00e9siales. Face \u00e0&hellip;<\/p>\n","protected":false},"author":142,"featured_media":0,"comment_status":"open","ping_status":"open","sticky":false,"template":"","format":"standard","meta":{"footnotes":""},"categories":[10],"tags":[],"class_list":["post-1510","post","type-post","status-publish","format-standard","hentry","category-homelies"],"_links":{"self":[{"href":"https:\/\/dominicainslille.fr\/index.php?rest_route=\/wp\/v2\/posts\/1510","targetHints":{"allow":["GET"]}}],"collection":[{"href":"https:\/\/dominicainslille.fr\/index.php?rest_route=\/wp\/v2\/posts"}],"about":[{"href":"https:\/\/dominicainslille.fr\/index.php?rest_route=\/wp\/v2\/types\/post"}],"author":[{"embeddable":true,"href":"https:\/\/dominicainslille.fr\/index.php?rest_route=\/wp\/v2\/users\/142"}],"replies":[{"embeddable":true,"href":"https:\/\/dominicainslille.fr\/index.php?rest_route=%2Fwp%2Fv2%2Fcomments&post=1510"}],"version-history":[{"count":3,"href":"https:\/\/dominicainslille.fr\/index.php?rest_route=\/wp\/v2\/posts\/1510\/revisions"}],"predecessor-version":[{"id":1513,"href":"https:\/\/dominicainslille.fr\/index.php?rest_route=\/wp\/v2\/posts\/1510\/revisions\/1513"}],"wp:attachment":[{"href":"https:\/\/dominicainslille.fr\/index.php?rest_route=%2Fwp%2Fv2%2Fmedia&parent=1510"}],"wp:term":[{"taxonomy":"category","embeddable":true,"href":"https:\/\/dominicainslille.fr\/index.php?rest_route=%2Fwp%2Fv2%2Fcategories&post=1510"},{"taxonomy":"post_tag","embeddable":true,"href":"https:\/\/dominicainslille.fr\/index.php?rest_route=%2Fwp%2Fv2%2Ftags&post=1510"}],"curies":[{"name":"wp","href":"https:\/\/api.w.org\/{rel}","templated":true}]}}