{"id":1520,"date":"2018-12-17T08:58:31","date_gmt":"2018-12-17T07:58:31","guid":{"rendered":"http:\/\/dominicainslille.fr\/?p=1520"},"modified":"2018-12-17T08:58:31","modified_gmt":"2018-12-17T07:58:31","slug":"3eme-dimanche-de-lavent-annee-c-lc-3-10-18","status":"publish","type":"post","link":"https:\/\/dominicainslille.fr\/?p=1520","title":{"rendered":"3\u00e8me Dimanche de l&rsquo;Avent &#8211; Ann\u00e9e C &#8211; Lc 3, 10-18"},"content":{"rendered":"<p><a href=\"https:\/\/dominicainslille.fr\/wp-content\/uploads\/2018\/02\/r6-19.jpg\"><img loading=\"lazy\" decoding=\"async\" class=\"alignnone size-full wp-image-1390\" src=\"https:\/\/dominicainslille.fr\/wp-content\/uploads\/2018\/02\/r6-19.jpg\" alt=\"\" width=\"190\" height=\"166\" \/><\/a><\/p>\n<p><a href=\"https:\/\/dominicainslille.fr\/wp-content\/uploads\/2018\/06\/Jean-Pierre.jpg\">Hom\u00e9lie du fr. Jean Michel\u00a0<\/a><\/p>\n<p>\u00ab <em>Engeance de vip\u00e8res, qui vous a montr\u00e9 le moyen d\u2019\u00e9chapper \u00e0 la col\u00e8re qui vient\u00a0?<\/em>\u00a0\u00bb<\/p>\n<p>Fr\u00e8res et S\u0153urs, cette phrase de Jean Baptiste que vous n\u2019avez pas entendue vient juste avant l\u2019\u00e9vangile de ce jour et explique, en partie, la question en retour des auditeurs\u00a0: \u00ab\u00a0Que devons-nous faire\u00a0?\u00a0\u00bb<\/p>\n<p><!--more--><\/p>\n<p><em>\u00ab\u00a0Pouvez-vous \u00e9chapper \u00e0 la col\u00e8re\u00a0?\u00a0\u00bb \u00ab\u00a0Que devons-nous faire\u00a0?\u00a0\u00bb <\/em>Voil\u00e0 donc le dialogue du jour.<\/p>\n<p>Il est assez fr\u00e9quent que la liturgie de l\u2019Eglise nous prenne \u00e0 contrepied.<\/p>\n<p>Nous sommes une semaine avant No\u00ebl et voil\u00e0 que l\u2019\u00e9vangile nous place d\u00e9j\u00e0 au bapt\u00eame qu\u2019il soit d\u2019eau ou de feu qui plus est avec une pr\u00e9dication de Jean-Baptiste qui nous propulse au temps du jugement, la fameuse\u00a0\u00ab\u00a0pelle \u00e0 vanner\u00a0\u00bb.<\/p>\n<p>Nous sommes donc plac\u00e9s volontairement en pleine confusion chronologique pour ne pas dire historique.<\/p>\n<p>Pourquoi la liturgie entretient-elle cette confusion ? Pourquoi ne pas nous laisser dans le joli d\u00e9cor de la cr\u00e8che\u00a0? Les enfants ne sont pas l\u00e0, \u00e7a tombe bien, quand ils reviendront, vous pourrez leur montrer le joli d\u00e9cor, pour l\u2019instant il nous faut parler d\u2019autre chose, en adulte.<\/p>\n<p>C\u2019est que justement depuis la cr\u00e8che, depuis que Dieu est entr\u00e9 dans l\u2019histoire, l\u2019histoire a chang\u00e9 de sens, elle a chang\u00e9 de direction.<\/p>\n<p>S\u2019approcher de la cr\u00e8che c\u2019est s\u2019approcher de la Croix et s\u2019approcher de la Croix c\u2019est s\u2019approcher du tombeau vide et ce dans un seul et m\u00eame mouvement.<\/p>\n<p>Le sens de l\u2019histoire est d\u00e9sormais enti\u00e8rement log\u00e9, enti\u00e8rement lov\u00e9 dans cet enfant de la cr\u00e8che appel\u00e9 \u00e0 la Croix, cet enfant de la Paix appel\u00e9 \u00e0 \u00eatre ha\u00ef.<\/p>\n<p>Nous sommes \u00e0 la fois dans la joie ind\u00e9fectible, dans l\u2019esp\u00e9rance inusable et en m\u00eame temps dans la lucidit\u00e9 crucifiante.<\/p>\n<p>Le chr\u00e9tien peut dire avec la m\u00eame honn\u00eatet\u00e9 devant la cr\u00e8che \u00ab\u00a0Je crois\u00a0\u00bb et \u00ab\u00a0J\u2019ai peur\u00a0\u00bb,<\/p>\n<p>Il n\u2019y a pas de honte ni \u00e0 croire ni \u00e0 avoir peur car tout est d\u00e9sormais log\u00e9, ailleurs qu\u2019en nous-m\u00eames, dans cet enfant qui m\u00e8ne \u00e0 la gloire de Dieu et au salut du monde.<\/p>\n<p>Alors la question vient forc\u00e9ment\u00a0face \u00e0 cette confusion : \u00ab\u00a0<em>Mais que devons-nous faire\u00a0?<\/em>\u00a0\u00bb.<\/p>\n<p>La question des collecteurs d\u2019imp\u00f4ts, des soldats (et vous voyez de quel m\u00e9tier il s\u2019agit, rappelez-vous que nous sommes \u00e0 l\u2019\u00e9poque en terre occup\u00e9e) la question \u00ab\u00a0Que devons-nous faire\u00a0\u00bb est lourde et la r\u00e9ponse para\u00eet, dans un premier temps, l\u00e9g\u00e8re.<\/p>\n<p>Soyez honn\u00eate\u00a0: \u00ab\u00a0<em>Contentez-vous de votre solde<\/em>\u00a0\u00bb \u00ab\u00a0<em>N\u2019exigez rien de plus<\/em>\u00a0\u00bb<\/p>\n<p>Entendez bien fr\u00e8res et s\u0153urs la diff\u00e9rence entre la pr\u00e9dication de JBaptiste \u00ab\u00a0<em>La pelle \u00e0 vanner<\/em>\u00a0\u00bb, l\u2019angoisse de la question \u00ab\u00a0<em>Que devons-nous faire<\/em>\u00a0\u00bb et la l\u00e9g\u00e8ret\u00e9 de la r\u00e9ponse.<\/p>\n<p>C\u2019est tout\u00a0?<\/p>\n<p>En fait, cette modestie est trompeuse car imaginez les soldats retournant \u00e0 la caserne et qui raconte aux autres soldats\u00a0: Le proph\u00e8te nous a dit de ne pas piller, de ne pas voler, de ne pas faire de razzias.<\/p>\n<p>Imaginez le reste de la conversation avec les autres soldats pour lesquels le pillage est le seul revenu, imaginez le niveau du d\u00e9bat et des d\u00e9cibels. Imaginez les questions de conscience que cela pose. Imaginez l\u2019ostracisme que cela peut avoir comme cons\u00e9quence, qui plus est pour un m\u00e9tier o\u00f9 la solidarit\u00e9 est essentielle, la fraternit\u00e9 d\u2019armes, qui pose la question de vie ou de mort. Or JBaptiste a introduit un biais dans cette solidarit\u00e9 d\u2019armes derri\u00e8re l\u2019apparente modestie de sa r\u00e9ponse.<\/p>\n<p>En fait, il revoit chacun \u00e0 sa conscience\u00a0comme si la conscience est le lieu d\u2019accueil de celui qui vient.<\/p>\n<p>Alors fr\u00e8res et s\u0153urs, s\u2019il vous arrive que quelqu\u2019un vous demande devant la cr\u00e8che ou devant la croix ou devant le tombeau vide\u00a0: \u00ab\u00a0Que devons-nous faire\u00a0?\u00a0\u00bb Vous pouvez lui r\u00e9pondre<\/p>\n<p>Sois honn\u00eate mon fils<\/p>\n<p>Sois honn\u00eate ma fille.<\/p>\n<p>Car ta conscience est le seul berceau qu\u2019attend l\u2019enfant de la Paix<\/p>\n","protected":false},"excerpt":{"rendered":"<p>Hom\u00e9lie du fr. Jean Michel\u00a0 \u00ab Engeance de vip\u00e8res, qui vous a montr\u00e9 le moyen d\u2019\u00e9chapper \u00e0 la col\u00e8re qui vient\u00a0?\u00a0\u00bb Fr\u00e8res et S\u0153urs, cette phrase de Jean Baptiste que vous n\u2019avez pas entendue vient juste avant l\u2019\u00e9vangile de ce jour et explique, en partie, la question en retour des auditeurs\u00a0: \u00ab\u00a0Que devons-nous faire\u00a0?\u00a0\u00bb<\/p>\n","protected":false},"author":142,"featured_media":0,"comment_status":"open","ping_status":"open","sticky":false,"template":"","format":"standard","meta":{"footnotes":""},"categories":[10],"tags":[],"class_list":["post-1520","post","type-post","status-publish","format-standard","hentry","category-homelies"],"_links":{"self":[{"href":"https:\/\/dominicainslille.fr\/index.php?rest_route=\/wp\/v2\/posts\/1520","targetHints":{"allow":["GET"]}}],"collection":[{"href":"https:\/\/dominicainslille.fr\/index.php?rest_route=\/wp\/v2\/posts"}],"about":[{"href":"https:\/\/dominicainslille.fr\/index.php?rest_route=\/wp\/v2\/types\/post"}],"author":[{"embeddable":true,"href":"https:\/\/dominicainslille.fr\/index.php?rest_route=\/wp\/v2\/users\/142"}],"replies":[{"embeddable":true,"href":"https:\/\/dominicainslille.fr\/index.php?rest_route=%2Fwp%2Fv2%2Fcomments&post=1520"}],"version-history":[{"count":1,"href":"https:\/\/dominicainslille.fr\/index.php?rest_route=\/wp\/v2\/posts\/1520\/revisions"}],"predecessor-version":[{"id":1521,"href":"https:\/\/dominicainslille.fr\/index.php?rest_route=\/wp\/v2\/posts\/1520\/revisions\/1521"}],"wp:attachment":[{"href":"https:\/\/dominicainslille.fr\/index.php?rest_route=%2Fwp%2Fv2%2Fmedia&parent=1520"}],"wp:term":[{"taxonomy":"category","embeddable":true,"href":"https:\/\/dominicainslille.fr\/index.php?rest_route=%2Fwp%2Fv2%2Fcategories&post=1520"},{"taxonomy":"post_tag","embeddable":true,"href":"https:\/\/dominicainslille.fr\/index.php?rest_route=%2Fwp%2Fv2%2Ftags&post=1520"}],"curies":[{"name":"wp","href":"https:\/\/api.w.org\/{rel}","templated":true}]}}