{"id":1523,"date":"2019-01-14T17:04:51","date_gmt":"2019-01-14T16:04:51","guid":{"rendered":"http:\/\/dominicainslille.fr\/?p=1523"},"modified":"2019-01-14T17:05:06","modified_gmt":"2019-01-14T16:05:06","slug":"le-bapteme-du-seigneur","status":"publish","type":"post","link":"https:\/\/dominicainslille.fr\/?p=1523","title":{"rendered":"Le Bapt\u00eame du Seigneur"},"content":{"rendered":"<p><a href=\"https:\/\/dominicainslille.fr\/wp-content\/uploads\/2016\/09\/thomas-marie-gillet.jpg\"><img loading=\"lazy\" decoding=\"async\" class=\"alignnone size-medium wp-image-1058\" src=\"https:\/\/dominicainslille.fr\/wp-content\/uploads\/2016\/09\/thomas-marie-gillet-225x300.jpg\" alt=\"\" width=\"225\" height=\"300\" \/><\/a><\/p>\n<p><strong> Hom\u00e9lie du fr\u00e8re Thomas-Marie Gilet, o.p.<\/strong><\/p>\n<p>Chers fr\u00e8res et s\u0153urs,<\/p>\n<p>Depuis trois semaines nous f\u00eatons et c\u00e9l\u00e9brons dans la joie le myst\u00e8re de l\u2019Incarnation, toutes les f\u00eates qui se sont succ\u00e9d\u00e9es depuis No\u00ebl n\u2019ont fait que d\u00e9ployer ce seul et m\u00eame myst\u00e8re\u00a0: celui de la venue de Dieu parmi nous, Dieu s\u2019est fait homme pour que l\u2019homme soit sauv\u00e9 et retrouve sa saintet\u00e9 des origines. Dieu a pris chair de la Vierge Marie, est n\u00e9 \u00e0 Beethl\u00e9em et est venu r\u00e9jouir un couple, constitu\u00e9 une famille. D\u00e8s les premiers jours de sa venue glorieuse, il se fait reconna\u00eetre par toutes les nations comme Dieu-Sauveur. Il passe ensuite l\u2019ensemble de sa vie dans le secret. Il devient pleinement homme en partageant la vie des hommes, simplement \u00e0 Nazareth aupr\u00e8s de son p\u00e8re-adoptif, le bon et sage Joseph et en apprenant le m\u00eame m\u00e9tier que lui, celui de charpentier\u00a0: et oui, le Roi des rois, le Seigneur des seigneurs, n\u2019a pas fait carri\u00e8re dans les armes, dans la justice ou parmi les clercs, les docteurs de la Loi qu\u2019ils avaient pourtant enseign\u00e9s jadis (carri\u00e8res honorables et m\u00e9tiers n\u00e9cessaires par ailleurs\u2026), il a partag\u00e9 la condition du commun du peuple, le fils de Dieu \u00e9tait un artisan-commer\u00e7ant\u00a0! Et Marie veillait gardant les paroles de la promesse qui lui avait \u00e9t\u00e9 faite, elle aussi se tenait dans l\u2019attente de l\u2019av\u00e8nement de notre bienheureuse esp\u00e9rance, que vienne le jour de l\u2019accomplissement plein et entier du Salut, que l\u2019Enfant-Dieu qui par elle avait fait sa demeure parmi nous, l\u2019enfant devenu homme, quitte le silence, et que le Verbe accomplisse sa mission de R\u00e9demption.<!--more--><\/p>\n<p>C\u2019est ce jour que nous c\u00e9l\u00e9brons aujourd\u2019hui, par son bapt\u00eame le Christ entre dans sa mission, celle de Sauveur. Pr\u00e8s du Jourdain, le dernier des proph\u00e8tes, le Pr\u00e9curseur, Jean c\u00e8de le pas au Fils de Dieu, et le Fils de Dieu s\u2019abaisse \u00e0 commencer son minist\u00e8re en recevant avec le peuple le bapt\u00eame de l\u2019eau que conf\u00e8re Jean, d\u00e8s lors il agira comme le Messie, l\u2019Oint, le Christ. Mais lui c\u2019est \u00e0 un autre bapt\u00eame qu\u2019il entra\u00eene. Ses disciples ne sont plus seulement plong\u00e9s dans l\u2019eau pour la r\u00e9mission des p\u00e9ch\u00e9s et en vue de leur conversion mais ils sont par lui plong\u00e9s dans l\u2019Esprit saint et dans son feu, dans la Vie m\u00eame de Dieu. Le sacrement du bapt\u00eame que nous recevons n\u2019est pas l\u2019identique imitation du geste op\u00e9r\u00e9 par J\u00e9sus. Qu\u2019avait-il besoin, lui, le Saint des Saints, le Fils bien-aim\u00e9 du P\u00e8re, d\u2019\u00eatre lav\u00e9 du p\u00e9ch\u00e9 originel, de ses fautes, lui qui est l\u2019Amour et que le mal n\u2019a jamais atteint\u00a0? \u00c0 quelle conversion pouvait-il \u00eatre appel\u00e9, lui vers qui tous pr\u00e9cis\u00e9ment sont appel\u00e9s \u00e0 se tourn\u00e9s, \u00e0 porter leur regard\u00a0? Si nous voulons comprendre notre bapt\u00eame nous devons le consid\u00e9rer comme au croisement du bapt\u00eame conf\u00e9r\u00e9 par Jean et de celui, nouveau, que le Christ re\u00e7oit et manifeste. Notre bapt\u00eame balis\u00e9 d\u2019un c\u00f4t\u00e9 par la figure du Pr\u00e9curseur et de l\u2019autre par celle du Christ, est une plong\u00e9e, mais plus encore une travers\u00e9e, un passage, une p\u00e2que. C\u2019est le passage de la soumission \u00e0 la Loi ancienne vers la libert\u00e9 de la Loi Nouvelle. C\u2019est le passage de l\u2019homme ancien \u00e0 l\u2019homme nouveau, restaur\u00e9 dans sa divino-humanit\u00e9 des origines.<\/p>\n<p>Un bapt\u00eame donc, d\u2019abord pour la r\u00e9mission des p\u00e9ch\u00e9s en vue de la conversion. Oui, l\u2019homme s\u2019est s\u00e9par\u00e9 de Dieu et a introduit le mal dans le monde. Et le p\u00e9ch\u00e9 demeure, il nous suffit d\u2019un peu d\u2019introspection personnelle ou d\u2019ouvrir le journal pour le constater\u00a0: ces paroles m\u00e9disantes et de mort lanc\u00e9es contre celui ou celle qui nous a bless\u00e9, la guerre o\u00f9 l\u2019homme aveugl\u00e9 par la haine de l\u2019autre devient un loup pour l\u2019homme, les injustices sociales qui condamnent les pauvres, etc. Mais l\u2019action salvifique de Dieu qui ne sera d\u00e9voil\u00e9e d\u00e9finitivement que par le Fils sur la Croix, en nous r\u00e9tablissant dans l\u2019alliance avec Lui permet que le mal n\u2019ait pas le dernier mot et nous rend acteurs de notre propre conversion et de celle du monde. Un chemin de mis\u00e9ricorde et d\u2019esp\u00e9rance s\u2019ouvre alors. Dieu pose son sceau sur notre front pour nous rendre participant et agent de sa Mis\u00e9ricorde. La conversion ce n\u2019est pas le changement. <em>\u00ab\u00a0La gr\u00e2ce ne d\u00e9truit pas la nature mais la parfait <\/em>[c\u2019est-\u00e0-dire \u00ab\u00a0l\u2019ach\u00e8ve\u00a0\u00bb]<em>\u00a0\u00bb<\/em>nous rappelle saint Thomas d\u2019Aquin (<em>Somme de Th\u00e9ologie<\/em>, premi\u00e8re partie, question 1, article 8, solution 2). Le bapt\u00eame ne fait pas de nous des anges, nous restons les m\u00eames, avec nos qualit\u00e9s et nos d\u00e9fauts, nos forces et nos faiblesses. Cette perfection \u00e0 laquelle nous conduit la conversion en ce temps pr\u00e9sent, pas apr\u00e8s pas, ne rel\u00e8ve pas de l\u2019impeccabilit\u00e9, c\u2019est le retour \u00e0 Dieu, c\u2019est laisser Dieu agir en nous pour achever ce qu\u2019il a commenc\u00e9, faire de nous des saints \u00e0 son image et \u00e0 sa ressemblance.<\/p>\n<p>Ainsi notre bapt\u00eame d\u00e9truisant l\u2019homme ancien, installe en nous la puissance de l\u2019Homme Nouveau. Fr\u00e8res et s\u0153urs, si nous avons \u00e9t\u00e9 purifi\u00e9s, ce n\u2019est pas, je le maintiens, pour \u00eatre confis dans une pseudo-vie ang\u00e9lique\u00a0! C\u2019est comme nous le rappelle saint Paul, pour devenir <em>\u00ab\u00a0un peuple ardent \u00e0 faire le bien\u00a0\u00bb<\/em>, pour que <em>\u00ab\u00a0rendus justes <\/em>[par la gr\u00e2ce de J\u00e9sus-Christ]<em>, nous devenions en esp\u00e9rance h\u00e9ritiers de la vie \u00e9ternelle\u00a0\u00bb <\/em>(Tt. 2, 14c. 3, 7). C\u2019est pour cela que le Christ peut dire \u00e0 ses disciples dans l\u2019\u00e9vangile selon saint Matthieu dans son discours inaugural sur le mont des B\u00e9atitudes\u00a0: <em>\u00ab\u00a0Vous \u00eates le sel de la terre. [\u2026] Vous \u00eates la lumi\u00e8re du monde\u00a0\u00bb<\/em>(Mt. 5, 13a.14a). Dans sa mis\u00e9ricorde, Dieu veut faire de chacun et de chacune d\u2019entre nous des fils et des filles de la Mis\u00e9ricorde. Si par son bapt\u00eame le Christ inaugure son minist\u00e8re, nous aussi baptis\u00e9s, nous sommes envoy\u00e9s en mission\u00a0: <em>\u00ab\u00a0Dans le d\u00e9sert, pr\u00e9parez le chemin du Seigneur\u00a0; tracez droit, dans les terres arides, une route pour notre Dieu. Que tout ravin soit combl\u00e9, toute montagne et toute colline abaiss\u00e9es\u00a0! que les escarpements se changent en plaine, et les sommets, en large vall\u00e9e\u00a0! Alors se r\u00e9v\u00e9lera la gloire du Seigneur, et tout \u00eatre de chair verra que la bouche du Seigneur a parl\u00e9.\u00a0\u00bb<\/em>(Is. 40, 3b-5).<\/p>\n<p>Partageant la mission du Christ, recevant son Corps et son sang, puisse cette voix du Ciel retentir encore ce matin dans nos c\u0153urs<\/p>\n","protected":false},"excerpt":{"rendered":"<p>Hom\u00e9lie du fr\u00e8re Thomas-Marie Gilet, o.p. Chers fr\u00e8res et s\u0153urs, Depuis trois semaines nous f\u00eatons et c\u00e9l\u00e9brons dans la joie le myst\u00e8re de l\u2019Incarnation, toutes les f\u00eates qui se sont succ\u00e9d\u00e9es depuis No\u00ebl n\u2019ont fait que d\u00e9ployer ce seul et m\u00eame myst\u00e8re\u00a0: celui de la venue de Dieu parmi nous, Dieu s\u2019est fait homme pour&hellip;<\/p>\n","protected":false},"author":142,"featured_media":0,"comment_status":"open","ping_status":"open","sticky":false,"template":"","format":"standard","meta":{"footnotes":""},"categories":[10],"tags":[],"class_list":["post-1523","post","type-post","status-publish","format-standard","hentry","category-homelies"],"_links":{"self":[{"href":"https:\/\/dominicainslille.fr\/index.php?rest_route=\/wp\/v2\/posts\/1523","targetHints":{"allow":["GET"]}}],"collection":[{"href":"https:\/\/dominicainslille.fr\/index.php?rest_route=\/wp\/v2\/posts"}],"about":[{"href":"https:\/\/dominicainslille.fr\/index.php?rest_route=\/wp\/v2\/types\/post"}],"author":[{"embeddable":true,"href":"https:\/\/dominicainslille.fr\/index.php?rest_route=\/wp\/v2\/users\/142"}],"replies":[{"embeddable":true,"href":"https:\/\/dominicainslille.fr\/index.php?rest_route=%2Fwp%2Fv2%2Fcomments&post=1523"}],"version-history":[{"count":1,"href":"https:\/\/dominicainslille.fr\/index.php?rest_route=\/wp\/v2\/posts\/1523\/revisions"}],"predecessor-version":[{"id":1524,"href":"https:\/\/dominicainslille.fr\/index.php?rest_route=\/wp\/v2\/posts\/1523\/revisions\/1524"}],"wp:attachment":[{"href":"https:\/\/dominicainslille.fr\/index.php?rest_route=%2Fwp%2Fv2%2Fmedia&parent=1523"}],"wp:term":[{"taxonomy":"category","embeddable":true,"href":"https:\/\/dominicainslille.fr\/index.php?rest_route=%2Fwp%2Fv2%2Fcategories&post=1523"},{"taxonomy":"post_tag","embeddable":true,"href":"https:\/\/dominicainslille.fr\/index.php?rest_route=%2Fwp%2Fv2%2Ftags&post=1523"}],"curies":[{"name":"wp","href":"https:\/\/api.w.org\/{rel}","templated":true}]}}