{"id":1529,"date":"2019-03-08T19:35:18","date_gmt":"2019-03-08T18:35:18","guid":{"rendered":"http:\/\/dominicainslille.fr\/?p=1529"},"modified":"2019-03-08T19:35:18","modified_gmt":"2019-03-08T18:35:18","slug":"du-rosaire","status":"publish","type":"post","link":"https:\/\/dominicainslille.fr\/?p=1529","title":{"rendered":"du Rosaire"},"content":{"rendered":"<p>Chers Amis du Rosaire,<\/p>\n<p>Lors du p\u00e8lerinage en 2017, nous avions particip\u00e9 au tournage d&rsquo;un documentaire r\u00e9alis\u00e9 par Thierry Demaizi\u00e8re et Alban Teurlai (reconnus pour la qualit\u00e9 de leurs images et de leurs films).<\/p>\n<p>Les r\u00e9alisateurs ont film\u00e9 tout au long de l&rsquo;ann\u00e9e plusieurs p\u00e8lerinages, et ont ainsi produit un documentaire extraordinaire dont le titre est \u00ab\u00a0LOURDES\u00a0\u00bb.<\/p>\n<p>Nous avons le grand plaisir de vous convier \u00e0 l&rsquo;Avant-Premi\u00e8re de ce film \u00e0 l&rsquo;UGC Lille le mardi 23 avril \u00e0 20 heures, en pr\u00e9sence des r\u00e9alisateurs.<\/p>\n<p>Ce documentaire a \u00e9t\u00e9 visionn\u00e9 par Monseigneur Brouwet (\u00e9v\u00eaque de Tarbes et Lourdes) Lourdes, et a \u00e9t\u00e9 tr\u00e8s bien accueilli\u00a0: \u00ab\u00a0<em>Il y a des moments tr\u00e8s \u00e9mouvants mais on n\u2019est pas que sur le registre de l\u2019\u00e9motion. On comprend comment cette d\u00e9marche est anim\u00e9e par la foi et la pri\u00e8re, m\u00eame si la d\u00e9marche de foi est trait\u00e9e avec beaucoup de pudeur et de d\u00e9licatesse.<\/em><\/p>\n<p><em>Merci\u00a0! Nous nous sommes sentis compris et respect\u00e9s, ce qui n\u2019est pas toujours le cas dans les documentaires au sujet de l\u2019Eglise\u00a0\u00bb<\/em><\/p>\n<p>Nous avons ouvert d\u00e8s \u00e0 pr\u00e9sent la billetterie en ligne pour cet \u00e9v\u00e8nement :<\/p>\n<p><a href=\"https:\/\/www.billetweb.fr\/film-lourdes#.XIDe-qqZycg.email\" data-saferedirecturl=\"https:\/\/www.google.com\/url?q=https:\/\/www.billetweb.fr\/film-lourdes%23.XIDe-qqZycg.email&amp;source=gmail&amp;ust=1552143262796000&amp;usg=AFQjCNGLrgkaFj_MjS6VhNKS-k_luMMiBg\">https:\/\/www.billetweb.fr\/film-lourdes#.XIDe-qqZycg.email<\/a><\/p>\n<p>Le film sortira officiellement le 8 Mai, plus nous serons nombreux \u00e0 le visionner, plus les salles le diffuseront, offrant ainsi \u00e0 chacun la possibilit\u00e9 de pouvoir le voir dans toutes les r\u00e9gions de France.<\/p>\n<p>Il est ainsi tr\u00e8s facile de prendre votre billet en ligne et d\u2019en parler autour de\u00a0vous.<\/p>\n<p>Nous vous donnons donc Rendez- vous le 23 Avril \u00e0 l\u2019UGC Lille, une nouvelle occasion de partager un bon moment\u00a0!<\/p>\n<p>Toute l&rsquo;Equipe de l&rsquo;Association du Rosaire<\/p>\n<p>&#8212;<\/p>\n<p><strong><em>Association du Rosaire<\/em><\/strong><\/p>\n<p>Section Flandres-Artois-Picardie<\/p>\n<p>7, avenue Salomon<\/p>\n<p>59000 LILLE<\/p>\n<p>T\u00e9l. : 03 20 14 96 40 &#8212; 06 66 20 48 24<\/p>\n<p><a href=\"mailto:rosaire.fap@gmail.com\">rosaire.fap@gmail.com<\/a><\/p>\n<p>Permanence du lundi au vendredi de 9h \u00e0 12h<\/p>\n","protected":false},"excerpt":{"rendered":"<p>Chers Amis du Rosaire, Lors du p\u00e8lerinage en 2017, nous avions particip\u00e9 au tournage d&rsquo;un documentaire r\u00e9alis\u00e9 par Thierry Demaizi\u00e8re et Alban Teurlai (reconnus pour la qualit\u00e9 de leurs images et de leurs films). Les r\u00e9alisateurs ont film\u00e9 tout au long de l&rsquo;ann\u00e9e plusieurs p\u00e8lerinages, et ont ainsi produit un documentaire extraordinaire dont le titre&hellip;<\/p>\n","protected":false},"author":142,"featured_media":0,"comment_status":"open","ping_status":"open","sticky":false,"template":"","format":"standard","meta":{"footnotes":""},"categories":[12],"tags":[],"class_list":["post-1529","post","type-post","status-publish","format-standard","hentry","category-evenements"],"_links":{"self":[{"href":"https:\/\/dominicainslille.fr\/index.php?rest_route=\/wp\/v2\/posts\/1529","targetHints":{"allow":["GET"]}}],"collection":[{"href":"https:\/\/dominicainslille.fr\/index.php?rest_route=\/wp\/v2\/posts"}],"about":[{"href":"https:\/\/dominicainslille.fr\/index.php?rest_route=\/wp\/v2\/types\/post"}],"author":[{"embeddable":true,"href":"https:\/\/dominicainslille.fr\/index.php?rest_route=\/wp\/v2\/users\/142"}],"replies":[{"embeddable":true,"href":"https:\/\/dominicainslille.fr\/index.php?rest_route=%2Fwp%2Fv2%2Fcomments&post=1529"}],"version-history":[{"count":1,"href":"https:\/\/dominicainslille.fr\/index.php?rest_route=\/wp\/v2\/posts\/1529\/revisions"}],"predecessor-version":[{"id":1530,"href":"https:\/\/dominicainslille.fr\/index.php?rest_route=\/wp\/v2\/posts\/1529\/revisions\/1530"}],"wp:attachment":[{"href":"https:\/\/dominicainslille.fr\/index.php?rest_route=%2Fwp%2Fv2%2Fmedia&parent=1529"}],"wp:term":[{"taxonomy":"category","embeddable":true,"href":"https:\/\/dominicainslille.fr\/index.php?rest_route=%2Fwp%2Fv2%2Fcategories&post=1529"},{"taxonomy":"post_tag","embeddable":true,"href":"https:\/\/dominicainslille.fr\/index.php?rest_route=%2Fwp%2Fv2%2Ftags&post=1529"}],"curies":[{"name":"wp","href":"https:\/\/api.w.org\/{rel}","templated":true}]}}