{"id":1533,"date":"2019-04-15T10:51:22","date_gmt":"2019-04-15T08:51:22","guid":{"rendered":"http:\/\/dominicainslille.fr\/?p=1533"},"modified":"2019-04-15T10:52:03","modified_gmt":"2019-04-15T08:52:03","slug":"dimanche-des-rameaux","status":"publish","type":"post","link":"https:\/\/dominicainslille.fr\/?p=1533","title":{"rendered":"DIMANCHE DES RAMEAUX"},"content":{"rendered":"<p><a href=\"https:\/\/dominicainslille.fr\/wp-content\/uploads\/2018\/06\/Fr-Beno\u00eet-2-1.jpg\"><img loading=\"lazy\" decoding=\"async\" class=\"alignnone size-medium wp-image-1471\" src=\"https:\/\/dominicainslille.fr\/wp-content\/uploads\/2018\/06\/Fr-Beno\u00eet-2-1-252x300.jpg\" alt=\"\" width=\"252\" height=\"300\" srcset=\"https:\/\/dominicainslille.fr\/wp-content\/uploads\/2018\/06\/Fr-Beno\u00eet-2-1-252x300.jpg 252w, https:\/\/dominicainslille.fr\/wp-content\/uploads\/2018\/06\/Fr-Beno\u00eet-2-1-768x915.jpg 768w, https:\/\/dominicainslille.fr\/wp-content\/uploads\/2018\/06\/Fr-Beno\u00eet-2-1-860x1024.jpg 860w, https:\/\/dominicainslille.fr\/wp-content\/uploads\/2018\/06\/Fr-Beno\u00eet-2-1.jpg 1691w\" sizes=\"auto, (max-width: 252px) 100vw, 252px\" \/><\/a><\/p>\n<p><i><span style=\"font-weight: 400;\"><a href=\"mailto:benoit.ente@gmail.com\" target=\"_blank\" rel=\"noopener\">Hom\u00e9lie du fr\u00e8re Beno\u00eet Ente<\/a><br \/>\n<\/span><\/i><\/p>\n<p><i><span style=\"font-weight: 400;\">br\u00e8ve hom\u00e9lie apr\u00e8s la lecture de l&rsquo;entr\u00e9e \u00e0 J\u00e9rusalem<br \/>\n<\/span><\/i><\/p>\n<p><span style=\"font-weight: 400;\">Chers fr\u00e8res et s\u0153urs,<br \/>\n<\/span><span style=\"font-weight: 400;\">la Semaine sainte commence dans la joie. Avant la tristesse de la trahison, de la l\u00e2chet\u00e9 et finalement de la mort, il y a\u2026 la joie. Une joie impossible \u00e0 baillonner. M\u00eame si l&rsquo;on essayait, les pierres crieraient de joie. La joie est l\u00e0 au d\u00e9but de cette Semaine sainte pour nous rappeler qu&rsquo;elle en est la finalit\u00e9. Car la Passion de J\u00e9sus est en fait un passage vers la joie de la R\u00e9surrection. Ne perdons pas ce but de vue.<br \/>\n<\/span><span style=\"font-weight: 400;\">J\u00e9sus entre \u00e0 J\u00e9rusalem comme on p\u00e9n\u00e8tre dans la gueule du loup. Il s&rsquo;avance au-devant des hommes de pouvoir qui veulent sa mort. Il prend m\u00eame les devant\u00a0; il met en sc\u00e8ne son entr\u00e9e \u00e0 J\u00e9rusalem. Il fait chercher un \u00e2ne. L&rsquo;\u00e2ne est un signe envoy\u00e9 \u00e0 ceux qui connaissent la Bible qu&rsquo;il est bien le Messie, le roi attendu. L&rsquo;\u00e2ne est aussi un signe pour dire quel type de Messie il est. D\u00e9sarm\u00e9, avec pour seul pouvoir son amour br\u00fblant comme le feu.<br \/>\n<\/span><span style=\"font-weight: 400;\">Fr\u00e8res et s\u0153urs, la joie de la r\u00e9surrection se fait d\u00e9j\u00e0 entendre dans nos chants. Avan\u00e7ons libres et heureux pour suivre notre Seigneur et vivre avec lui sa Passion et sa r\u00e9surrection.<\/span><\/p>\n<p>&nbsp;<\/p>\n<p><!--more--><\/p>\n<p><i><span style=\"font-weight: 400;\">Hom\u00e9lie apr\u00e8s la lecture de la Passion selon saint Luc<\/span><\/i><\/p>\n<p><span style=\"font-weight: 400;\">Il a \u00e9t\u00e9 souvent question des victimes ces derniers mois dans les journaux et m\u00eame au cin\u00e9ma. Un \u00e9dito du journal La Croix disait que la nouveaut\u00e9 dans notre soci\u00e9t\u00e9, c&rsquo;est la lib\u00e9ration de la voix des victimes et son \u00e9coute. <\/span><\/p>\n<p><span style=\"font-weight: 400;\">Dans le r\u00e9cit que nous venons d&rsquo;entendre, il y a deux groupes bien identifi\u00e9s. D&rsquo;un c\u00f4t\u00e9 il y a les bourreaux ceux qui selon J\u00e9sus n&rsquo;ont pas conscience, _ ceux qui <\/span><span style=\"font-weight: 400;\">ne savent pas<\/span><span style=\"font-weight: 400;\"> le mal qu&rsquo;ils font. Et de l&rsquo;autre, il y a les victimes, ceux qui <\/span><span style=\"font-weight: 400;\">savent<\/span><span style=\"font-weight: 400;\"> le mal qui est fait parce qu&rsquo;ils l&rsquo;\u00e9prouvent dans leur chair, dans leur corps. Ce mal qui a pour nom souffrance et qui remplit l&rsquo;horizon, obscurcit l&rsquo;avenir et donne aux heures la dur\u00e9e des ann\u00e9es. La souffrance produit la honte, le repli sur soi et risque d&rsquo;enfermer la victime dans les murs du silence.<\/span><\/p>\n<p><span style=\"font-weight: 400;\">A tous, il peut nous arriver de passer d&rsquo;un c\u00f4t\u00e9 \u00e0 l&rsquo;autre. De victime \u00e0 bourreau comme ceux qui ont subi des violences enfant et qui les font subir une fois devenu adulte. Ou de bourreau \u00e0 victime comme ce bon larron qui reconna\u00eet le mal qu&rsquo;il a fait et qui sur sa croix \u00e9prouve le mal que d&rsquo;autres hommes lui font subir. Tous nous pouvons passer d&rsquo;un c\u00f4t\u00e9 \u00e0 l&rsquo;autre. <\/span><\/p>\n<p><span style=\"font-weight: 400;\">J\u00e9sus, lui, choisit librement d&rsquo;\u00eatre du c\u00f4t\u00e9 des victimes. Il se fait la voix des victimes de tous les temps, de toutes les cultures chr\u00e9tiennes ou non. Certes, il reste silencieux, il ne se plaint pas, mais son corps, sa chair parle pour lui. Elle crie le mal, son corps l&rsquo;expose, le d\u00e9nonce pour r\u00e9veiller ceux qui dorment, pour ouvrir les yeux des aveugles et pour que les bourreaux tel ce centurion, fl\u00e9chissent le genou pour dire \u00ab\u00a0plus jamais \u00e7a\u00a0\u00bb \u00a0!<\/span><\/p>\n<p><span style=\"font-weight: 400;\">Du haut de sa croix, les quelques mots de J\u00e9sus ne disent pas sa douleur. C&rsquo;est inutile. Ses paroles sont des pri\u00e8res qui disent le feu intact de son amour. <\/span><i><span style=\"font-weight: 400;\">P\u00e8re pardonne leur, ils ne savent pas ce qu&rsquo;ils font.<\/span><\/i><span style=\"font-weight: 400;\"> Nous avons vu l&rsquo;amour _ rendu incandescent _ par la souffrance. En fait J\u00e9sus ne sait qu&rsquo;aimer. _ Il ne veut et m\u00eame il ne peut rien faire d&rsquo;autre _ parce qu&rsquo;il est Dieu.<\/span><\/p>\n<p><i><span style=\"font-weight: 400;\">P\u00e8re, entre tes mains je remets mon esprit.<\/span><\/i><span style=\"font-weight: 400;\"> Aujourd&rsquo;hui, c&rsquo;est entre nos mains que J\u00e9sus, mort et ressuscit\u00e9 remet son corps. Sous la forme du pain et du vin, nous recevons l&rsquo;amour fait chair, nous recevons la victime qui offre son pardon pour que l&rsquo;homme r\u00e9concili\u00e9 vive et entre enfin en paradis. Que vive notre \u00e2me \u00e0 louer un Dieu si grand. Amen. <\/span><\/p>\n<p>&nbsp;<\/p>\n","protected":false},"excerpt":{"rendered":"<p>Hom\u00e9lie du fr\u00e8re Beno\u00eet Ente br\u00e8ve hom\u00e9lie apr\u00e8s la lecture de l&rsquo;entr\u00e9e \u00e0 J\u00e9rusalem Chers fr\u00e8res et s\u0153urs, la Semaine sainte commence dans la joie. Avant la tristesse de la trahison, de la l\u00e2chet\u00e9 et finalement de la mort, il y a\u2026 la joie. Une joie impossible \u00e0 baillonner. M\u00eame si l&rsquo;on essayait, les pierres&hellip;<\/p>\n","protected":false},"author":142,"featured_media":0,"comment_status":"open","ping_status":"open","sticky":false,"template":"","format":"standard","meta":{"footnotes":""},"categories":[10],"tags":[],"class_list":["post-1533","post","type-post","status-publish","format-standard","hentry","category-homelies"],"_links":{"self":[{"href":"https:\/\/dominicainslille.fr\/index.php?rest_route=\/wp\/v2\/posts\/1533","targetHints":{"allow":["GET"]}}],"collection":[{"href":"https:\/\/dominicainslille.fr\/index.php?rest_route=\/wp\/v2\/posts"}],"about":[{"href":"https:\/\/dominicainslille.fr\/index.php?rest_route=\/wp\/v2\/types\/post"}],"author":[{"embeddable":true,"href":"https:\/\/dominicainslille.fr\/index.php?rest_route=\/wp\/v2\/users\/142"}],"replies":[{"embeddable":true,"href":"https:\/\/dominicainslille.fr\/index.php?rest_route=%2Fwp%2Fv2%2Fcomments&post=1533"}],"version-history":[{"count":2,"href":"https:\/\/dominicainslille.fr\/index.php?rest_route=\/wp\/v2\/posts\/1533\/revisions"}],"predecessor-version":[{"id":1535,"href":"https:\/\/dominicainslille.fr\/index.php?rest_route=\/wp\/v2\/posts\/1533\/revisions\/1535"}],"wp:attachment":[{"href":"https:\/\/dominicainslille.fr\/index.php?rest_route=%2Fwp%2Fv2%2Fmedia&parent=1533"}],"wp:term":[{"taxonomy":"category","embeddable":true,"href":"https:\/\/dominicainslille.fr\/index.php?rest_route=%2Fwp%2Fv2%2Fcategories&post=1533"},{"taxonomy":"post_tag","embeddable":true,"href":"https:\/\/dominicainslille.fr\/index.php?rest_route=%2Fwp%2Fv2%2Ftags&post=1533"}],"curies":[{"name":"wp","href":"https:\/\/api.w.org\/{rel}","templated":true}]}}