{"id":1900,"date":"2020-03-28T16:42:10","date_gmt":"2020-03-28T15:42:10","guid":{"rendered":"http:\/\/dominicainslille.fr\/?p=1900"},"modified":"2020-03-28T16:42:12","modified_gmt":"2020-03-28T15:42:12","slug":"le-disciple-des-heures-sombres","status":"publish","type":"post","link":"https:\/\/dominicainslille.fr\/?p=1900","title":{"rendered":"Le disciple des heures sombres"},"content":{"rendered":"\n<div class=\"wp-block-image\"><figure class=\"aligncenter is-resized\"><img loading=\"lazy\" decoding=\"async\" src=\"https:\/\/www.picclickimg.com\/d\/l400\/pict\/163663297158_\/Gravure-biblique-J%C3%A9sus-sentretien-avec-Nicod%C3%A8me-sur-la.jpg\" alt=\"\" width=\"400\" height=\"300\"\/><\/figure><\/div>\n\n\n\n<p><strong>Hom\u00e9lie du fr\u00e8re R\u00e9my Vall\u00e9jo &#8211; <a href=\"https:\/\/www.aelf.org\/2020-03-28\/romain\/messe\">samedi 28 mars 2020<\/a><\/strong><\/p>\n\n\n\n<p>Si, selon l&rsquo;\u00e9vangile de Jean,&nbsp;&nbsp;Nicod\u00e8me est un personnage particuli\u00e8rement attachant,<\/p>\n\n\n\n<p>c&rsquo;est tr\u00e8s certainement parce qu&rsquo;il est le disciple des heures sombres.<\/p>\n\n\n\n<p>Le disciple des heures sombres&#8230;<\/p>\n\n\n\n<p>C&rsquo;est non seulement le notable, le pharisien, le ma\u00eetre en Isra\u00ebl, qui avec une timide discr\u00e9tion vient trouver J\u00e9sus de nuit.<\/p>\n\n\n\n<p>Mais\n c&rsquo;est aussi l&rsquo;homme qui avec courage, droiture et fid\u00e9lit\u00e9 d\u00e9fend le \ngalil\u00e9en et prend soin du corps d&rsquo;un Messie d\u00e9chu et d\u00e9funt.<\/p>\n\n\n\n<p>Nicod\u00e8me,<\/p>\n\n\n\n<p>au sein de sa communaut\u00e9,<\/p>\n\n\n\n<p>est tr\u00e8s vraisemblablement un homme soucieux de reconnaissance et inquiet du jugement d&rsquo;autrui.<\/p>\n\n\n\n<p>En effet, c&rsquo;est de nuit,&nbsp;<\/p>\n\n\n\n<p>et donc \u00e0 l&rsquo;abri du regard des siens,<\/p>\n\n\n\n<p>que Nicod\u00e8me vient trouver J\u00e9sus.<\/p>\n\n\n\n<p>Rappelez-vous\n de cet entretien ou l&rsquo;apparente incompr\u00e9hension de ce ma\u00eetre en Isra\u00ebl \nr\u00e9v\u00e8le encore davantage le myst\u00e8re du Fils unique de Dieu qui fait <em>na\u00eetre<\/em> tout homme <em>d&rsquo;en&nbsp;haut<\/em>.<\/p>\n\n\n\n<p>Cependant,<\/p>\n\n\n\n<p>au plus profond de son coeur,<\/p>\n\n\n\n<p>Nicod\u00e8me est certainement plus soucieux de justice que du jugement des autres.<\/p>\n\n\n\n<p>Ainsi,<\/p>\n\n\n\n<p>apr\u00e8s avoir \u00e9t\u00e9 longtemps retenu par la timidit\u00e9 et la crainte,&nbsp;<\/p>\n\n\n\n<p>Nicod\u00e8me n&rsquo;h\u00e9site pas \u00e0 braver les siens.<\/p>\n\n\n\n<p>Non seulement il parle ouvertement mais il n&rsquo;h\u00e9site pas aussi \u00e0 poser les gestes compromettants.<\/p>\n\n\n\n<p>A l&rsquo;heure sombre de la tourmente,&nbsp;<\/p>\n\n\n\n<p>il ne craint pas de prendre la d\u00e9fense de ce J\u00e9sus qui aux yeux des siens ne peut \u00eatre le Messie.<\/p>\n\n\n\n<p>en demandant si la&nbsp;<em>Loi permet de condamner un homme sans l&rsquo;entendre d&rsquo;abord pour savoir ce qu&rsquo;il a fait?<\/em><\/p>\n\n\n\n<p>Enfin,<\/p>\n\n\n\n<p>\u00e0 l&rsquo;heure sombre de l&rsquo;abandon,<\/p>\n\n\n\n<p>il ne craint pas de rendre hommage \u00e0 la d\u00e9pouille d&rsquo;un homme maudit,&nbsp;<em>en apportant un m\u00e9lange de myrrhe et d&rsquo;aloes<\/em>.<\/p>\n\n\n\n<p>Comment cet homme qui apr\u00e8s s&rsquo;\u00eatre tr\u00e8s longtemps tenu sur le seuil ose ainsi franchir le pas ?<\/p>\n\n\n\n<p>C&rsquo;est non seulement parce que Nicod\u00e8me est un homme juste qui a une rigoureuse connaissance du sens de la Loi de Mo\u00efse.<\/p>\n\n\n\n<p>Mais c&rsquo;est aussi et surtout parce que c&rsquo;est un homme de Dieu qui,<\/p>\n\n\n\n<p>aux heures sombres et obscures,&nbsp;&nbsp;<\/p>\n\n\n\n<p>pressent et saisi ce qu&rsquo;est l&rsquo;esprit m\u00eame de la loi: une naissance d&rsquo;en haut.<\/p>\n\n\n\n<p>Une naissance qui, n&rsquo;en d\u00e9plaise aux pharisiens, n&rsquo;est ni de Galil\u00e9e ou de Bethl\u00e9em en Jud\u00e9e.<\/p>\n\n\n\n<p>Car cette naissance elle est bel et bien d&rsquo;en haut.&nbsp;<\/p>\n\n\n\n<p>Non point d\u00e9sincarn\u00e9e.<\/p>\n\n\n\n<p>Mais l\u00e0 haut,&nbsp;<\/p>\n\n\n\n<p>sur une croix, une croix fich\u00e9e en terre,<\/p>\n\n\n\n<p>l\u00e0 m\u00eame o\u00f9 l&rsquo;amour, l&rsquo;esp\u00e9rance et la foi de Dieu envers les siens est le plus sinc\u00e8rement manifest\u00e9e.<\/p>\n\n\n\n<p><em>En v\u00e9rit\u00e9, en v\u00e9rit\u00e9 je te le dis,<\/em><\/p>\n\n\n\n<p><em>\u00e0 moins de na\u00eetre d&rsquo;en haut,<\/em><\/p>\n\n\n\n<p><em>nul ne peut voir le royaume de Dieu&#8230;<\/em><\/p>\n\n\n\n<p><em>&#8230;comme Mo\u00efse \u00e9leva&nbsp;&nbsp;le serpent dans le d\u00e9sert,<\/em><\/p>\n\n\n\n<p><em>ainsi faut -il que soit \u00e9lev\u00e9 le Fils de l&rsquo;homme,<\/em><\/p>\n\n\n\n<p><em>afin que quiconque croit<\/em><\/p>\n\n\n\n<p><em>ait par lui la vie \u00e9ternelle (Jn 3, 5 et 14)<\/em><\/p>\n\n\n\n<p>Si Nicod\u00e8me est le disciple des heures sombres,<\/p>\n\n\n\n<p>ce n&rsquo;est donc pas parce qu&rsquo;il s&rsquo;est heurt\u00e9 et confront\u00e9 \u00e0 la peur, \u00e0 la tourmente et \u00e0 l&rsquo;abandon,<\/p>\n\n\n\n<p>mais parce qu&rsquo;il a entendu, vu, contempl\u00e9 et touch\u00e9 la lueur de foi, d&rsquo;esp\u00e9rance et d&rsquo;amour&nbsp;<em>qui luit dans les t\u00e9n\u00e8bres et que les t\u00e9n\u00e8bres n&rsquo;ont pas arr\u00eat\u00e9.<\/em><\/p>\n\n\n\n<p>Puisse\n ce disciple des heures sombres nous aider &#8211; aux heures douloureuses que\n nous&nbsp;traversons&nbsp;actuellement&nbsp;&#8211; \u00e0 voir la lumi\u00e8re de P\u00e2ques.<\/p>\n","protected":false},"excerpt":{"rendered":"<p>Hom\u00e9lie du fr\u00e8re R\u00e9my Vall\u00e9jo &#8211; samedi 28 mars 2020 Si, selon l&rsquo;\u00e9vangile de Jean,&nbsp;&nbsp;Nicod\u00e8me est un personnage particuli\u00e8rement attachant, c&rsquo;est tr\u00e8s certainement parce qu&rsquo;il est le disciple des heures sombres. Le disciple des heures sombres&#8230; C&rsquo;est non seulement le notable, le pharisien, le ma\u00eetre en Isra\u00ebl, qui avec une timide discr\u00e9tion vient trouver J\u00e9sus&hellip;<\/p>\n","protected":false},"author":1,"featured_media":1901,"comment_status":"open","ping_status":"open","sticky":false,"template":"","format":"standard","meta":{"footnotes":""},"categories":[10],"tags":[],"class_list":["post-1900","post","type-post","status-publish","format-standard","has-post-thumbnail","hentry","category-homelies"],"_links":{"self":[{"href":"https:\/\/dominicainslille.fr\/index.php?rest_route=\/wp\/v2\/posts\/1900","targetHints":{"allow":["GET"]}}],"collection":[{"href":"https:\/\/dominicainslille.fr\/index.php?rest_route=\/wp\/v2\/posts"}],"about":[{"href":"https:\/\/dominicainslille.fr\/index.php?rest_route=\/wp\/v2\/types\/post"}],"author":[{"embeddable":true,"href":"https:\/\/dominicainslille.fr\/index.php?rest_route=\/wp\/v2\/users\/1"}],"replies":[{"embeddable":true,"href":"https:\/\/dominicainslille.fr\/index.php?rest_route=%2Fwp%2Fv2%2Fcomments&post=1900"}],"version-history":[{"count":1,"href":"https:\/\/dominicainslille.fr\/index.php?rest_route=\/wp\/v2\/posts\/1900\/revisions"}],"predecessor-version":[{"id":1902,"href":"https:\/\/dominicainslille.fr\/index.php?rest_route=\/wp\/v2\/posts\/1900\/revisions\/1902"}],"wp:featuredmedia":[{"embeddable":true,"href":"https:\/\/dominicainslille.fr\/index.php?rest_route=\/wp\/v2\/media\/1901"}],"wp:attachment":[{"href":"https:\/\/dominicainslille.fr\/index.php?rest_route=%2Fwp%2Fv2%2Fmedia&parent=1900"}],"wp:term":[{"taxonomy":"category","embeddable":true,"href":"https:\/\/dominicainslille.fr\/index.php?rest_route=%2Fwp%2Fv2%2Fcategories&post=1900"},{"taxonomy":"post_tag","embeddable":true,"href":"https:\/\/dominicainslille.fr\/index.php?rest_route=%2Fwp%2Fv2%2Ftags&post=1900"}],"curies":[{"name":"wp","href":"https:\/\/api.w.org\/{rel}","templated":true}]}}