{"id":1903,"date":"2020-03-29T17:31:59","date_gmt":"2020-03-29T15:31:59","guid":{"rendered":"http:\/\/dominicainslille.fr\/?p=1903"},"modified":"2020-03-29T17:32:01","modified_gmt":"2020-03-29T15:32:01","slug":"que-repondrons-nous","status":"publish","type":"post","link":"https:\/\/dominicainslille.fr\/?p=1903","title":{"rendered":"Que r\u00e9pondrons-nous ?"},"content":{"rendered":"\n<div class=\"wp-block-image\"><figure class=\"aligncenter is-resized\"><img loading=\"lazy\" decoding=\"async\" src=\"https:\/\/upload.wikimedia.org\/wikipedia\/commons\/thumb\/a\/a3\/Rembrandt_Harmensz._van_Rijn_-_The_Raising_of_Lazarus_-_Google_Art_Project.jpg\/800px-Rembrandt_Harmensz._van_Rijn_-_The_Raising_of_Lazarus_-_Google_Art_Project.jpg\" alt=\"\" width=\"400\" height=\"477\"\/><\/figure><\/div>\n\n\n\n<p>Hom\u00e9lie du fr\u00e8re Thomas-Marie Gillet &#8211; <a href=\"https:\/\/www.aelf.org\/2020-03-29\/romain\/messe\">5e Dimanche de Car\u00eame<\/a> <\/p>\n\n\n\n<p>Chers fr\u00e8res et s\u0153urs,<\/p>\n\n\n\n<p>\tAlors\nque nous nous appr\u00eatons \u00e0 cl\u00f4turer dans les prochains jours la\nquarantaine du Car\u00eame, nous devons dans le m\u00eame temps nous pr\u00e9parer\n\u00e0 affronter la prolongation d&rsquo;une quarantaine sanitaire dont on ne\nsait pas vraiment quand elle prendra fin, dans l&rsquo;Octave de P\u00e2ques,\npeut-\u00eatre, tr\u00e8s probablement au milieu du temps pascal&#8230; Or le\nmessage d&rsquo;esp\u00e9rance et de joie que nous offre l&rsquo;\u00e9vangile\nd&rsquo;aujourd&rsquo;hui pour accueillir P\u00e2ques, doit \u00eatre le m\u00eame qui\nsoutient notre force et notre patience en ces temps de confinement,\nen ces temps d&rsquo;inqui\u00e9tude pour nous-m\u00eame et pour nos proches.La\nr\u00e9surrection de Lazare est la parabole et la proph\u00e9tie de victoires\nfutures sur la mort et tous ses avatars. Le Christ est venu \u00ab&nbsp;pour\nque nous ayons la vie, et la vie en abondance&nbsp;\u00bb (cf. Jn. 10,\n10) et il nous le r\u00e9p\u00e8te par la voix du proph\u00e8te Ez\u00e9chiel&nbsp;:<em>\n\u00ab&nbsp;Je vais ouvrir vos tombeaux et je vous en ferai remonter, \u00f4\nmon peuple [&#8230;]&nbsp;\u00bb<\/em> (Ez. 37, 12). Pour faire jaillir la vie\nvoil\u00e0 ce que le Seigneur demande au peuple&nbsp;: la foi,\nl&rsquo;esp\u00e9rance et la foi en actes, la charit\u00e9.<\/p>\n\n\n\n<p>\tC&rsquo;est\nMarthe qui fait acte de foi&nbsp;: <em>\u00ab&nbsp;Oui, Seigneur, je le\ncrois&nbsp;: tu es le Christ, le Fils de Dieu, tu es celui qui vient\ndans le monde.&nbsp;\u00bb<\/em> (Jn. 11, 27).  Mais tout en pronon\u00e7ant\ncette phrase, Marthe ne saisit pas la port\u00e9e de ce qu&rsquo;elle professe,\n\u00ab&nbsp;[\u2026] tu es celui qui vient dans le monde&nbsp;\u00bb&#8230; En\nr\u00e9alit\u00e9, elle n&rsquo;a pas compris que la lumi\u00e8re et la vie sont d\u00e9j\u00e0\nadvenues pour le monde. Elle pense \u00e0 un temps futur encore mais en\nr\u00e9alit\u00e9 ce temps a d\u00e9j\u00e0 commenc\u00e9. Ce futur qu&rsquo;elle attend, se\ntrouve devant elle&nbsp;: <em>\u00ab Je sais que [mon fr\u00e8re] ressuscitera\n<\/em>(futur)<em> \u00e0 la\nr\u00e9surrection, au dernier jour.&nbsp;\u00bb<\/em> (Jn. 11, 24). Et J\u00e9sus\nde lui r\u00e9pondre&nbsp;: <em>\u00ab&nbsp;Moi, je suis <\/em>(pr\u00e9sent)<em>\nla r\u00e9surrection et la vie.&nbsp;\u00bb<\/em>\nMarthe ne saisit pas vraiment que J\u00e9sus fait advenir le futur dans\nle pr\u00e9sent, dans son pr\u00e9sent. J\u00e9sus l&rsquo;aide \u00e0 croire cela en\ntransformant son savoir sur la r\u00e9surrection future en une foi en Lui\nqui est \u00ab&nbsp;la r\u00e9surrection et la vie&nbsp;\u00bb. Le savoir de\nMarthe se transforme en une foi en J\u00e9sus. L&rsquo;enjeu est le m\u00eame pour\nnous, croire que la vie que J\u00e9sus promet, et promet en abondance,\nest d\u00e9j\u00e0 l\u00e0 pr\u00e9sente et efficace et pas seulement dans un futur\nlointain. Il est\naujourd&rsquo;hui pour nous la r\u00e9surrection et la vie&nbsp;!<\/p>\n\n\n\n<p>\tL&rsquo;esp\u00e9rance\nc&rsquo;est celle que porte la pri\u00e8re. Celle du psalmiste d&rsquo;abord&nbsp;:<em>\n\u00ab&nbsp;Des profondeurs je crie vers toi, Seigneur, Seigneur, \u00e9coute\nmon appel&nbsp;! Que ton oreille se fasse attentive au cri de ma\npri\u00e8re&nbsp;! [\u2026] J\u2019esp\u00e8re le Seigneur de toute mon \u00e2me&nbsp;;\nje l\u2019esp\u00e8re, et j\u2019attends sa parole. Mon \u00e2me attend le Seigneur\nplus qu\u2019un veilleur ne guette l\u2019aurore.&nbsp;\u00bb<\/em>\n(Ps. 129, v. 1-2.5-6). J\u00e9sus aussi prie le P\u00e8re&nbsp;: <em>\u00ab&nbsp;P\u00e8re,\nje te rends gr\u00e2ce parce que tu m\u2019as exauc\u00e9. Je le savais bien,\nmoi, que tu m\u2019exauces toujours&nbsp;\u00bb<\/em>\n(Jn. 11, 42). J\u00e9sus a une confiance absolue dans le P\u00e8re parce\nqu&rsquo;il fait toujours ce qui pla\u00eet au P\u00e8re (cf. Jn. 4 34&nbsp;: \u00ab&nbsp;Ma\nnourriture c&rsquo;est de faire la volont\u00e9 de celui qui m&rsquo;a envoy\u00e9&nbsp;\u00bb).\nIl sait  combien ce qu&rsquo;il demande est conforme \u00e0 la volont\u00e9 du P\u00e8re\net c&rsquo;est pour cela pr\u00e9cis\u00e9ment qu&rsquo;il est toujours exauc\u00e9. De ses\ndisciples il attend la m\u00eame confiance dans la pri\u00e8re gr\u00e2ce \u00e0 une\nintimit\u00e9 entre le Ma\u00eetre et le disciple toujours plus grande.<\/p>\n\n\n\n<p>\tLa\nfoi en acte, la charit\u00e9, c&rsquo;est peut-\u00eatre Thomas qui nous la\nmanifeste. \u00c0 l&rsquo;annonce de la mort de Lazare et du voyage vers\nB\u00e9thanie, sans h\u00e9siter, l&rsquo;ap\u00f4tre incr\u00e9dule mais enthousiaste,\nn&rsquo;h\u00e9site pas \u00e0 encourager les autres&nbsp;: <em>\u00ab&nbsp;Allons-y,\nnous aussi, pour mourir avec lui&nbsp;!&nbsp;\u00bb<\/em>\n(Jn. 11, 16). Et, peut-\u00eatre je m&rsquo;\u00e9gare, mais cette parole de Thomas\n\u00e9voque pour moi tous les gestes de solidarit\u00e9 dont la crise que\nnous traversons nous rend t\u00e9moins. Je pense en premier lieu\n\u00e9videmment au personnel soignant, mais aussi aux commer\u00e7ants, \u00e0\nceux qui nous permettent de ne pas manquer du n\u00e9cessaire, et encore\n\u00e0 ces voisins qui chantent sur leur balcon pour rendre la solitude\nmoins aride. Celui qui est la r\u00e9surrection et la vie attend de nous\nque nous soyons ses t\u00e9moins et que nous nous faisions \u00e0 notre tour\npasseurs de vie.<\/p>\n\n\n\n<p>\tApr\u00e8s\navoir affirm\u00e9, <em>\u00ab&nbsp;Moi, je suis la r\u00e9surrection et la\nvie. Celui qui croit en moi, m\u00eame s\u2019il meurt, vivra&nbsp;;\nquiconque vit et croit en moi ne mourra jamais.&nbsp;\u00bb<\/em>\n(Jn. 11, 25-26), J\u00e9sus demande \u00e0 Marthe&nbsp;: <em>\u00ab&nbsp;Crois-tu\ncela&nbsp;?&nbsp;\u00bb<\/em>. Sous le\ntriple aspect de la foi, de l&rsquo;esp\u00e9rance et de la charit\u00e9, c&rsquo;est la\nm\u00eame question qui est adress\u00e9e aujourd&rsquo;hui aux disciples que nous\nsommes&nbsp;: \u00ab&nbsp;Crois-tu que le Christ est ressuscit\u00e9 et qu&rsquo;Il\nest le ma\u00eetre de la Vie&nbsp;?&nbsp;\u00bb, \u00ab&nbsp;Crois-tu qu&rsquo;Il peut\nse rendre proche de toi dans l&rsquo;intimit\u00e9 de la pri\u00e8re et faire des\nmiracles pour toi&nbsp;?&nbsp;\u00bb, \u00ab&nbsp;Crois-tu qu&rsquo;Il a vraiment\nbesoin de toi pour r\u00e9pandre son amour&nbsp;?&nbsp;\u00bb&#8230; Que\nr\u00e9pondrons-nous&nbsp;?&#8230; \n<\/p>\n","protected":false},"excerpt":{"rendered":"<p>Hom\u00e9lie du fr\u00e8re Thomas-Marie Gillet &#8211; 5e Dimanche de Car\u00eame Chers fr\u00e8res et s\u0153urs, Alors que nous nous appr\u00eatons \u00e0 cl\u00f4turer dans les prochains jours la quarantaine du Car\u00eame, nous devons dans le m\u00eame temps nous pr\u00e9parer \u00e0 affronter la prolongation d&rsquo;une quarantaine sanitaire dont on ne sait pas vraiment quand elle prendra fin, dans&hellip;<\/p>\n","protected":false},"author":1,"featured_media":1904,"comment_status":"open","ping_status":"open","sticky":false,"template":"","format":"standard","meta":{"footnotes":""},"categories":[10],"tags":[],"class_list":["post-1903","post","type-post","status-publish","format-standard","has-post-thumbnail","hentry","category-homelies"],"_links":{"self":[{"href":"https:\/\/dominicainslille.fr\/index.php?rest_route=\/wp\/v2\/posts\/1903","targetHints":{"allow":["GET"]}}],"collection":[{"href":"https:\/\/dominicainslille.fr\/index.php?rest_route=\/wp\/v2\/posts"}],"about":[{"href":"https:\/\/dominicainslille.fr\/index.php?rest_route=\/wp\/v2\/types\/post"}],"author":[{"embeddable":true,"href":"https:\/\/dominicainslille.fr\/index.php?rest_route=\/wp\/v2\/users\/1"}],"replies":[{"embeddable":true,"href":"https:\/\/dominicainslille.fr\/index.php?rest_route=%2Fwp%2Fv2%2Fcomments&post=1903"}],"version-history":[{"count":1,"href":"https:\/\/dominicainslille.fr\/index.php?rest_route=\/wp\/v2\/posts\/1903\/revisions"}],"predecessor-version":[{"id":1905,"href":"https:\/\/dominicainslille.fr\/index.php?rest_route=\/wp\/v2\/posts\/1903\/revisions\/1905"}],"wp:featuredmedia":[{"embeddable":true,"href":"https:\/\/dominicainslille.fr\/index.php?rest_route=\/wp\/v2\/media\/1904"}],"wp:attachment":[{"href":"https:\/\/dominicainslille.fr\/index.php?rest_route=%2Fwp%2Fv2%2Fmedia&parent=1903"}],"wp:term":[{"taxonomy":"category","embeddable":true,"href":"https:\/\/dominicainslille.fr\/index.php?rest_route=%2Fwp%2Fv2%2Fcategories&post=1903"},{"taxonomy":"post_tag","embeddable":true,"href":"https:\/\/dominicainslille.fr\/index.php?rest_route=%2Fwp%2Fv2%2Ftags&post=1903"}],"curies":[{"name":"wp","href":"https:\/\/api.w.org\/{rel}","templated":true}]}}