{"id":1907,"date":"2020-03-30T18:16:28","date_gmt":"2020-03-30T16:16:28","guid":{"rendered":"http:\/\/dominicainslille.fr\/?p=1907"},"modified":"2020-03-30T18:16:30","modified_gmt":"2020-03-30T16:16:30","slug":"guide-moi-douce-lumiere","status":"publish","type":"post","link":"https:\/\/dominicainslille.fr\/?p=1907","title":{"rendered":"Guide-moi douce lumi\u00e8re"},"content":{"rendered":"\n<div class=\"wp-block-image\"><figure class=\"aligncenter is-resized\"><img loading=\"lazy\" decoding=\"async\" src=\"https:\/\/dominicainslille.fr\/wp-content\/uploads\/2020\/03\/20200323_175059-1024x768.jpg\" alt=\"\" class=\"wp-image-1908\" width=\"512\" height=\"384\" srcset=\"https:\/\/dominicainslille.fr\/wp-content\/uploads\/2020\/03\/20200323_175059-1024x768.jpg 1024w, https:\/\/dominicainslille.fr\/wp-content\/uploads\/2020\/03\/20200323_175059-300x225.jpg 300w, https:\/\/dominicainslille.fr\/wp-content\/uploads\/2020\/03\/20200323_175059-768x576.jpg 768w\" sizes=\"auto, (max-width: 512px) 100vw, 512px\" \/><\/figure><\/div>\n\n\n\n<p><a href=\"https:\/\/www.aelf.org\/2020-03-30\/romain\/messe#messe1_lecture4\">Evangile selon saint Jean 8, 12-20<\/a><\/p>\n\n\n\n<p>En ce temps-l\u00e0,<br> J\u00e9sus disait aux pharisiens :<br> \u00ab Moi, je suis la lumi\u00e8re du monde.<br> Celui qui me suit ne marchera pas dans les t\u00e9n\u00e8bres,<br> il aura la lumi\u00e8re de la vie. \u00bb<\/p>\n\n\n\n<p>Guide-moi, douce Lumi\u00e8re,<br> Dans l\u2019obscurit\u00e9 qui m\u2019entoure,<br> Guide-moi de l\u2019avant&nbsp;!<br> La nuit est profonde<br> Et je suis loin de la demeure&nbsp;;<br> Guide-moi de l\u2019avant.<\/p>\n\n\n\n<p>Veille sur mes pas&nbsp;;<br> Je ne demande pas \u00e0 voir<br> L\u2019horizon lointain&nbsp;;<br> Un seul pas \u00e0 la fois me suffit.<br> Je n\u2019ai pas toujours \u00e9t\u00e9 ainsi&nbsp;;<br> Je ne T\u2019ai pas toujours pri\u00e9<br> De me guider de l\u2019avant.<\/p>\n\n\n\n<p>J\u2019aimais choisir<br> Et voir ma route&nbsp;;<br> Mais maintenant<br> Guide-moi Toi-m\u00eame<br> De l\u2019avant.<br> J\u2019aimais l\u2019\u00e9clat du jour et,<br> Malgr\u00e9 mes craintes,<br> L\u2019orgueil dominait sur moi&nbsp;:<br> Ne Te souviens pas<br> Des ann\u00e9es pass\u00e9es.<\/p>\n\n\n\n<p>Pendant si longtemps<br> Ta puissance m\u2019a b\u00e9ni&nbsp;;<br> Assur\u00e9ment, elle me guidera<br> Toujours de l\u2019avant,<br> Par landes et marais,<br> Rochers et torrents,<br> Jusqu\u2019\u00e0 ce que la nuit prenne fin,<br> Et que le matin me sourient<br> Ces visages d\u2019anges<br> Que j\u2019ai toujours aim\u00e9s<br> Et qu\u2019un temps je perdis.<\/p>\n\n\n\n<p>Guide-moi, douce Lumi\u00e8re,<br> Dans l\u2019obscurit\u00e9 qui m\u2019entoure,<br> Guide-moi de l\u2019avant!<\/p>\n\n\n\n<p>\u00ab Lead, Kindly Light \u00bb, Bienheureux Cardinal Newman<\/p>\n\n\n\n<p><br><\/p>\n","protected":false},"excerpt":{"rendered":"<p>Evangile selon saint Jean 8, 12-20 En ce temps-l\u00e0, J\u00e9sus disait aux pharisiens : \u00ab Moi, je suis la lumi\u00e8re du monde. Celui qui me suit ne marchera pas dans les t\u00e9n\u00e8bres, il aura la lumi\u00e8re de la vie. \u00bb Guide-moi, douce Lumi\u00e8re, Dans l\u2019obscurit\u00e9 qui m\u2019entoure, Guide-moi de l\u2019avant&nbsp;! La nuit est profonde Et&hellip;<\/p>\n","protected":false},"author":1,"featured_media":1908,"comment_status":"open","ping_status":"open","sticky":false,"template":"","format":"standard","meta":{"footnotes":""},"categories":[10],"tags":[],"class_list":["post-1907","post","type-post","status-publish","format-standard","has-post-thumbnail","hentry","category-homelies"],"_links":{"self":[{"href":"https:\/\/dominicainslille.fr\/index.php?rest_route=\/wp\/v2\/posts\/1907","targetHints":{"allow":["GET"]}}],"collection":[{"href":"https:\/\/dominicainslille.fr\/index.php?rest_route=\/wp\/v2\/posts"}],"about":[{"href":"https:\/\/dominicainslille.fr\/index.php?rest_route=\/wp\/v2\/types\/post"}],"author":[{"embeddable":true,"href":"https:\/\/dominicainslille.fr\/index.php?rest_route=\/wp\/v2\/users\/1"}],"replies":[{"embeddable":true,"href":"https:\/\/dominicainslille.fr\/index.php?rest_route=%2Fwp%2Fv2%2Fcomments&post=1907"}],"version-history":[{"count":1,"href":"https:\/\/dominicainslille.fr\/index.php?rest_route=\/wp\/v2\/posts\/1907\/revisions"}],"predecessor-version":[{"id":1909,"href":"https:\/\/dominicainslille.fr\/index.php?rest_route=\/wp\/v2\/posts\/1907\/revisions\/1909"}],"wp:featuredmedia":[{"embeddable":true,"href":"https:\/\/dominicainslille.fr\/index.php?rest_route=\/wp\/v2\/media\/1908"}],"wp:attachment":[{"href":"https:\/\/dominicainslille.fr\/index.php?rest_route=%2Fwp%2Fv2%2Fmedia&parent=1907"}],"wp:term":[{"taxonomy":"category","embeddable":true,"href":"https:\/\/dominicainslille.fr\/index.php?rest_route=%2Fwp%2Fv2%2Fcategories&post=1907"},{"taxonomy":"post_tag","embeddable":true,"href":"https:\/\/dominicainslille.fr\/index.php?rest_route=%2Fwp%2Fv2%2Ftags&post=1907"}],"curies":[{"name":"wp","href":"https:\/\/api.w.org\/{rel}","templated":true}]}}