{"id":1913,"date":"2020-04-01T10:28:35","date_gmt":"2020-04-01T08:28:35","guid":{"rendered":"http:\/\/dominicainslille.fr\/?p=1913"},"modified":"2020-04-01T10:28:37","modified_gmt":"2020-04-01T08:28:37","slug":"libres-%ef%bb%bf","status":"publish","type":"post","link":"https:\/\/dominicainslille.fr\/?p=1913","title":{"rendered":"Libres !\ufeff"},"content":{"rendered":"\n<figure class=\"wp-block-image\"><img decoding=\"async\" src=\"https:\/\/lewebpedagogique.com\/wp-content\/uploads\/liberte.png\" alt=\"\"\/><\/figure>\n\n\n\n<p>Hom\u00e9lie du fr\u00e8re Philippe Verdin &#8211; <a href=\"https:\/\/www.aelf.org\/2020-04-01\/romain\/messe\">Mercredi 1er avril 2020<\/a><\/p>\n\n\n\n<p>Libre\n\u2013 Libert\u00e9&nbsp;: le mot revient 7 fois dans l\u2019\u00e9vangile\nd\u2019aujourd\u2019hui (Jn 8, 31-42)<\/p>\n\n\n\n<p>\nLibre. Peut-\u00eatre certains\nd\u2019entre nous sont entr\u00e9s dans la vie religieuse pour \u00eatre libres.\nEt il n\u2019y a pas trop d\u2019une vie enti\u00e8re pour apprendre \u00e0 \u00eatre\nlibre.<\/p>\n\n\n\n<p>Nous\napprenons \u00e0 \u00eatre libres \u00e0 l\u2019\u00e9cole de saint Dominique&nbsp;: son\namour de la v\u00e9rit\u00e9 \u00e9tait li\u00e9 \u00e0 sa soif de libert\u00e9&nbsp;: \u00ab&nbsp;la\nv\u00e9rit\u00e9 vous rendra libre.&nbsp;\u00bb<\/p>\n\n\n\n<p>Nous\napprenons \u00e0 \u00eatre libre \u00e0 l\u2019\u00e9cole du Christ. J\u00e9sus,\nsouverainement libre quand il fait la volont\u00e9 de son P\u00e8re.<\/p>\n\n\n\n<p>Le\nChrist, libre vis \u00e0 vis de la loi&nbsp;;<\/p>\n\n\n\n<p>Le\nChrist, libre vis-\u00e0-vis de sa famille&nbsp;;<\/p>\n\n\n\n<p>Le\nChrist, libre vis-\u00e0-vis du quand-dira-t-on&nbsp;: \u00ab&nbsp;il mange\navec les prostitu\u00e9s et les p\u00e9cheurs&nbsp;!&nbsp;\u00bb<\/p>\n\n\n\n<p>Le\nChrist libre m\u00eame vis-\u00e0-vis de sa vie. On est vraiment libre que\nquand on est libre de donner sa vie. \n<\/p>\n\n\n\n<p>C\u2019est\ncette ultime libert\u00e9, la plus radicale, la plus exigeante, la plus\nfolle que j\u00e9sus nous enseigne sur la croix. \n<\/p>\n\n\n\n<p>Contemplons\nla souveraine libert\u00e9 du Christ, guid\u00e9e par l\u2019amour. Recevons,\ndans cette eucharistie, le go\u00fbt, de la libert\u00e9.<\/p>\n","protected":false},"excerpt":{"rendered":"<p>Hom\u00e9lie du fr\u00e8re Philippe Verdin &#8211; Mercredi 1er avril 2020 Libre \u2013 Libert\u00e9&nbsp;: le mot revient 7 fois dans l\u2019\u00e9vangile d\u2019aujourd\u2019hui (Jn 8, 31-42) Libre. Peut-\u00eatre certains d\u2019entre nous sont entr\u00e9s dans la vie religieuse pour \u00eatre libres. Et il n\u2019y a pas trop d\u2019une vie enti\u00e8re pour apprendre \u00e0 \u00eatre libre. Nous apprenons \u00e0&hellip;<\/p>\n","protected":false},"author":1,"featured_media":1914,"comment_status":"open","ping_status":"open","sticky":false,"template":"","format":"standard","meta":{"footnotes":""},"categories":[10],"tags":[],"class_list":["post-1913","post","type-post","status-publish","format-standard","has-post-thumbnail","hentry","category-homelies"],"_links":{"self":[{"href":"https:\/\/dominicainslille.fr\/index.php?rest_route=\/wp\/v2\/posts\/1913","targetHints":{"allow":["GET"]}}],"collection":[{"href":"https:\/\/dominicainslille.fr\/index.php?rest_route=\/wp\/v2\/posts"}],"about":[{"href":"https:\/\/dominicainslille.fr\/index.php?rest_route=\/wp\/v2\/types\/post"}],"author":[{"embeddable":true,"href":"https:\/\/dominicainslille.fr\/index.php?rest_route=\/wp\/v2\/users\/1"}],"replies":[{"embeddable":true,"href":"https:\/\/dominicainslille.fr\/index.php?rest_route=%2Fwp%2Fv2%2Fcomments&post=1913"}],"version-history":[{"count":1,"href":"https:\/\/dominicainslille.fr\/index.php?rest_route=\/wp\/v2\/posts\/1913\/revisions"}],"predecessor-version":[{"id":1915,"href":"https:\/\/dominicainslille.fr\/index.php?rest_route=\/wp\/v2\/posts\/1913\/revisions\/1915"}],"wp:featuredmedia":[{"embeddable":true,"href":"https:\/\/dominicainslille.fr\/index.php?rest_route=\/wp\/v2\/media\/1914"}],"wp:attachment":[{"href":"https:\/\/dominicainslille.fr\/index.php?rest_route=%2Fwp%2Fv2%2Fmedia&parent=1913"}],"wp:term":[{"taxonomy":"category","embeddable":true,"href":"https:\/\/dominicainslille.fr\/index.php?rest_route=%2Fwp%2Fv2%2Fcategories&post=1913"},{"taxonomy":"post_tag","embeddable":true,"href":"https:\/\/dominicainslille.fr\/index.php?rest_route=%2Fwp%2Fv2%2Ftags&post=1913"}],"curies":[{"name":"wp","href":"https:\/\/api.w.org\/{rel}","templated":true}]}}