{"id":1919,"date":"2020-04-03T12:52:57","date_gmt":"2020-04-03T10:52:57","guid":{"rendered":"http:\/\/dominicainslille.fr\/?p=1919"},"modified":"2020-04-03T12:52:59","modified_gmt":"2020-04-03T10:52:59","slug":"seigneur-mets-de-lordre-dans-ma-vie","status":"publish","type":"post","link":"https:\/\/dominicainslille.fr\/?p=1919","title":{"rendered":"Seigneur, mets de l&rsquo;ordre dans ma vie"},"content":{"rendered":"\n<div class=\"wp-block-image\"><figure class=\"aligncenter is-resized\"><img loading=\"lazy\" decoding=\"async\" src=\"https:\/\/onepeterfive.com\/wp-content\/uploads\/2017\/03\/Friend-Aquinas-1500x1271.jpg\" alt=\"\" width=\"375\" height=\"318\"\/><\/figure><\/div>\n\n\n\n<p><a href=\"https:\/\/www.aelf.org\/2020-04-03\/romain\/messe\">Vendredi 3 avril 2020<\/a><\/p>\n\n\n\n<h4 class=\"wp-block-heading\"><strong>Pri\u00e8re de saint Thomas d&rsquo;Aquin (XIIIe si\u00e8cle)<br><\/strong><\/h4>\n\n\n\n<p>Seigneur<strong>, <\/strong><br>mets de l&rsquo;ordre dans ma vie, <br>et ce que Tu veux que je  fasse, <br>donne-moi de le conna\u00eetre, <br>donne-moi de l&rsquo;accomplir comme il faut  <br>et comme il est utile au salut de mon \u00e2me. <br><br>Que j&rsquo;aille vers Toi,  Seigneur, <br>par un chemin s\u00fbr, droit, agr\u00e9able et menant au terme, <br>un  chemin qui ne s&rsquo;\u00e9gare pas entre les prosp\u00e9rit\u00e9s et les adversit\u00e9s, <br>en  sorte que je Te rende gr\u00e2ce dans les choses prosp\u00e8res <br>et que je garde la  patience dans les choses adverses, <br>ne me laissant ni exalter par les  premi\u00e8res, <br>ni abattre par les secondes. <br><br>Seigneur, <br>que toute joie me  fatigue qui est sans Toi, <br>et que je ne d\u00e9sire rien en dehors de Toi. <br>Que  tout travail, Seigneur, me soit agr\u00e9able qui est pour Toi <br>et tout repos  insupportable qui est sans Toi. <br><br>Donne-moi souvent de porter mon c\u0153ur  vers Toi, <br>et quand je faiblis, de peser ma faute avec douleur, <br>avec un  ferme propos de me corriger. <br>Ainsi soit-il. \u00bb <\/p>\n","protected":false},"excerpt":{"rendered":"<p>Vendredi 3 avril 2020 Pri\u00e8re de saint Thomas d&rsquo;Aquin (XIIIe si\u00e8cle) Seigneur, mets de l&rsquo;ordre dans ma vie, et ce que Tu veux que je fasse, donne-moi de le conna\u00eetre, donne-moi de l&rsquo;accomplir comme il faut et comme il est utile au salut de mon \u00e2me. Que j&rsquo;aille vers Toi, Seigneur, par un chemin s\u00fbr,&hellip;<\/p>\n","protected":false},"author":1,"featured_media":1920,"comment_status":"open","ping_status":"open","sticky":false,"template":"","format":"standard","meta":{"footnotes":""},"categories":[10],"tags":[],"class_list":["post-1919","post","type-post","status-publish","format-standard","has-post-thumbnail","hentry","category-homelies"],"_links":{"self":[{"href":"https:\/\/dominicainslille.fr\/index.php?rest_route=\/wp\/v2\/posts\/1919","targetHints":{"allow":["GET"]}}],"collection":[{"href":"https:\/\/dominicainslille.fr\/index.php?rest_route=\/wp\/v2\/posts"}],"about":[{"href":"https:\/\/dominicainslille.fr\/index.php?rest_route=\/wp\/v2\/types\/post"}],"author":[{"embeddable":true,"href":"https:\/\/dominicainslille.fr\/index.php?rest_route=\/wp\/v2\/users\/1"}],"replies":[{"embeddable":true,"href":"https:\/\/dominicainslille.fr\/index.php?rest_route=%2Fwp%2Fv2%2Fcomments&post=1919"}],"version-history":[{"count":1,"href":"https:\/\/dominicainslille.fr\/index.php?rest_route=\/wp\/v2\/posts\/1919\/revisions"}],"predecessor-version":[{"id":1921,"href":"https:\/\/dominicainslille.fr\/index.php?rest_route=\/wp\/v2\/posts\/1919\/revisions\/1921"}],"wp:featuredmedia":[{"embeddable":true,"href":"https:\/\/dominicainslille.fr\/index.php?rest_route=\/wp\/v2\/media\/1920"}],"wp:attachment":[{"href":"https:\/\/dominicainslille.fr\/index.php?rest_route=%2Fwp%2Fv2%2Fmedia&parent=1919"}],"wp:term":[{"taxonomy":"category","embeddable":true,"href":"https:\/\/dominicainslille.fr\/index.php?rest_route=%2Fwp%2Fv2%2Fcategories&post=1919"},{"taxonomy":"post_tag","embeddable":true,"href":"https:\/\/dominicainslille.fr\/index.php?rest_route=%2Fwp%2Fv2%2Ftags&post=1919"}],"curies":[{"name":"wp","href":"https:\/\/api.w.org\/{rel}","templated":true}]}}