{"id":1926,"date":"2020-04-05T18:29:52","date_gmt":"2020-04-05T16:29:52","guid":{"rendered":"http:\/\/dominicainslille.fr\/?p=1926"},"modified":"2020-04-05T18:29:54","modified_gmt":"2020-04-05T16:29:54","slug":"elles-ne-savent-pas-ce-quelles-font","status":"publish","type":"post","link":"https:\/\/dominicainslille.fr\/?p=1926","title":{"rendered":"Elles ne savent pas ce qu&rsquo;elles font."},"content":{"rendered":"\n<div class=\"wp-block-image\"><figure class=\"aligncenter is-resized\"><img loading=\"lazy\" decoding=\"async\" src=\"https:\/\/www.catholique88.fr\/sites\/default\/files\/arcabas_entree_dans_jerusalem.jpg\" alt=\"\" width=\"450\" height=\"355\"\/><\/figure><\/div>\n\n\n\n<p>Hom\u00e9lie du fr\u00e8re Franck Guyen &#8211; <a href=\"https:\/\/www.aelf.org\/2020-04-05\/romain\/messe\">Dimanche des Rameaux 5 avril 2020<\/a><\/p>\n\n\n\n<p><em>\u00ab&nbsp;Les\ndisciples (..) dispos\u00e8rent sur [l\u2019\u00e2nesse et son petit] leurs\nmanteaux, et J\u00e9sus s\u2019assit dessus. Dans la foule, la plupart\n\u00e9tendirent leurs manteaux sur le chemin&nbsp;\u00bb<\/em>.\n(Mt 27) \n<\/p>\n\n\n\n<p>Mes fr\u00e8res, <br>les foules qui \u00e9tendent leur v\u00eatement sous les pieds de l\u2019\u00e2ne de J\u00e9sus ne savent pas ce qu\u2019elles font\u00a0: elles crient aujourd\u2019hui\u00a0: \u00ab\u00a0Hosanna au fils de Dieu\u00a0\u00bb, et cinq jours plus tard, elles regretteront leur geste quand elles ne crieront  pas\u00a0: \u00ab\u00a0Crucifie-le\u00a0!\u00a0\u00bb.<\/p>\n\n\n\n<p>J\u00e9sus accueille\nleurs acclamations d\u2019aujourd\u2019hui et leurs vocif\u00e9rations de\ndemain pour ce qu\u2019elles valent&nbsp;: les cris d\u2019hommes et de\nfemmes qui ne savent pas la puissance de Dieu. Lui la conna\u00eet, et il\nva la manifester bient\u00f4t. \n<\/p>\n\n\n\n<p>Alors\nles v\u00eatements foul\u00e9s par l\u2019\u00e2ne deviendront des tr\u00e9sors v\u00e9n\u00e9r\u00e9s,\nalors les foules cesseront d\u2019\u00eatre des foules pour devenir le\npeuple donn\u00e9 \u00e0 Dieu par Celui qui se donne aux hommes.<\/p>\n\n\n\n<p>En conclusion,\nmettons nos c\u0153urs sous le fouloir des sabots de l\u2019\u00e2ne.  M\u00eame si\nnous ne savons pas ce que nous faisons,&nbsp;J\u00e9sus, lui, sait ce\nqu\u2019il fait.<\/p>\n","protected":false},"excerpt":{"rendered":"<p>Hom\u00e9lie du fr\u00e8re Franck Guyen &#8211; Dimanche des Rameaux 5 avril 2020 \u00ab&nbsp;Les disciples (..) dispos\u00e8rent sur [l\u2019\u00e2nesse et son petit] leurs manteaux, et J\u00e9sus s\u2019assit dessus. Dans la foule, la plupart \u00e9tendirent leurs manteaux sur le chemin&nbsp;\u00bb. (Mt 27) Mes fr\u00e8res, les foules qui \u00e9tendent leur v\u00eatement sous les pieds de l\u2019\u00e2ne de J\u00e9sus&hellip;<\/p>\n","protected":false},"author":1,"featured_media":1927,"comment_status":"open","ping_status":"open","sticky":false,"template":"","format":"standard","meta":{"footnotes":""},"categories":[10],"tags":[],"class_list":["post-1926","post","type-post","status-publish","format-standard","has-post-thumbnail","hentry","category-homelies"],"_links":{"self":[{"href":"https:\/\/dominicainslille.fr\/index.php?rest_route=\/wp\/v2\/posts\/1926","targetHints":{"allow":["GET"]}}],"collection":[{"href":"https:\/\/dominicainslille.fr\/index.php?rest_route=\/wp\/v2\/posts"}],"about":[{"href":"https:\/\/dominicainslille.fr\/index.php?rest_route=\/wp\/v2\/types\/post"}],"author":[{"embeddable":true,"href":"https:\/\/dominicainslille.fr\/index.php?rest_route=\/wp\/v2\/users\/1"}],"replies":[{"embeddable":true,"href":"https:\/\/dominicainslille.fr\/index.php?rest_route=%2Fwp%2Fv2%2Fcomments&post=1926"}],"version-history":[{"count":1,"href":"https:\/\/dominicainslille.fr\/index.php?rest_route=\/wp\/v2\/posts\/1926\/revisions"}],"predecessor-version":[{"id":1928,"href":"https:\/\/dominicainslille.fr\/index.php?rest_route=\/wp\/v2\/posts\/1926\/revisions\/1928"}],"wp:featuredmedia":[{"embeddable":true,"href":"https:\/\/dominicainslille.fr\/index.php?rest_route=\/wp\/v2\/media\/1927"}],"wp:attachment":[{"href":"https:\/\/dominicainslille.fr\/index.php?rest_route=%2Fwp%2Fv2%2Fmedia&parent=1926"}],"wp:term":[{"taxonomy":"category","embeddable":true,"href":"https:\/\/dominicainslille.fr\/index.php?rest_route=%2Fwp%2Fv2%2Fcategories&post=1926"},{"taxonomy":"post_tag","embeddable":true,"href":"https:\/\/dominicainslille.fr\/index.php?rest_route=%2Fwp%2Fv2%2Ftags&post=1926"}],"curies":[{"name":"wp","href":"https:\/\/api.w.org\/{rel}","templated":true}]}}