{"id":2057,"date":"2020-04-20T17:41:22","date_gmt":"2020-04-20T15:41:22","guid":{"rendered":"http:\/\/dominicainslille.fr\/?p=2057"},"modified":"2020-04-20T17:41:23","modified_gmt":"2020-04-20T15:41:23","slug":"a-la-source","status":"publish","type":"post","link":"https:\/\/dominicainslille.fr\/?p=2057","title":{"rendered":"\u00c0 la source"},"content":{"rendered":"\n<div class=\"wp-block-image\"><figure class=\"aligncenter\"><img decoding=\"async\" src=\"https:\/\/img.aws.la-croix.com\/croire\/2016\/06\/21\/1700875130\/Jesus-instruisant-Nicodeme-Pierre-Paul-Rubens-1577-1640-Musee-Beaux-Arts-Tournai-Aisa-Leemage_0_445_334.jpg\" alt=\"\"\/><\/figure><\/div>\n\n\n\n<p>Hom\u00e9lie du fr\u00e8re Thomas-Marie Gillet &#8211; <a href=\"https:\/\/www.aelf.org\/2020-04-20\/romain\/messe\">Lundi 20 avril 2020 <\/a><\/p>\n\n\n\n<p> <em>\u00ab\u00a0Comment un homme peut-il na\u00eetre quand il est vieux\u00a0? Peut-il entrer une deuxi\u00e8me fois dans le sein de sa m\u00e8re et rena\u00eetre\u00a0?\u00a0\u00bb <\/em>(Jn. 3, 4) Comment faire advenir l&rsquo;homme nouveau, l&rsquo;homme n\u00e9 de l&rsquo;Esprit, \u00e0 la place de l&rsquo;homme ancien n\u00e9 de la chair\u00a0? \u00c0 vrai dire, chers fr\u00e8res et s\u0153urs, nous le savons, l&rsquo;homme nouveau est d\u00e9j\u00e0 n\u00e9, au jour de notre bapt\u00eame, que le temps de P\u00e2que nous rappelle \u00e0 chaque c\u00e9l\u00e9bration. <\/p>\n\n\n\n<p>Depuis notre plong\u00e9e dans l&rsquo;eau r\u00e9g\u00e9n\u00e9rante du bapt\u00eame, l&rsquo;homme nouveau est bien l\u00e0, imprim\u00e9 comme un sceau dans notre \u00e2me et dans notre corps. Nous sommes invit\u00e9s pendant ces jours marqu\u00e9s par la joie de la R\u00e9surrection \u00e0 reprendre courage et \u00e0 unir nos forces \u00e0 celles de l&rsquo;Esprit pour que se poursuive et soit efficace son \u0153uvre incessante de f\u00e9condit\u00e9 spirituelle. L&rsquo;homme nouveau poursuit sa croissance sous le souffle de l&rsquo;Esprit qui est charg\u00e9 de nous rappeler toute parole et tout geste du Christ pour nous convertir et nous faire entrer davantage dans son myst\u00e8re de salut. Comme les disciples, chaque jour il nous appartient, dans la pri\u00e8re et la pr\u00e9dication de contempler le Verbe, ses paroles et ses actions\u00a0et ainsi dans le m\u00eame \u00e9lan de partager le fruit de notre r\u00e9g\u00e9n\u00e9ration spirituelle : <em>\u00ab\u00a0Quand ils eurent fini de prier, le lieu o\u00f9 ils \u00e9taient r\u00e9unis se mit \u00e0 trembler, ils furent tous remplis du Saint Esprit et ils disaient la parole de Dieu avec assurance\u00a0\u00bb<\/em> (Ac. 4, 31). <\/p>\n\n\n\n<p>M\u00eame si parfois la source nous semble tarie, tel acte ou telle parole du Sauveur peut nous toucher \u00e0 nouveau, prendre pour nous un relief inattendu, \u00eatre une lumi\u00e8re dans la nuit. C&rsquo;est bien l\u2019\u0153uvre de l&rsquo;Esprit\u00a0: nous faire d\u00e9couvrir et toucher l&rsquo;homme nouveau appel\u00e9 \u00e0 poursuivre sa croissance, rendre possible une renaissance \u00ab\u00a0d&rsquo;en-haut\u00a0\u00bb marqu\u00e9e du sceau de l&rsquo;\u00c9vangile. Alors faisons n\u00f4tre cette pri\u00e8re du psalmiste\u00a0: que ta parole, ton Esprit, Seigneur, soit pour nous lumi\u00e8re de nos pas, lampe sur la route (cf. Ps. 118, 105)\u00a0!<\/p>\n\n\n\n<p>\nAmen.<\/p>\n","protected":false},"excerpt":{"rendered":"<p>Hom\u00e9lie du fr\u00e8re Thomas-Marie Gillet &#8211; Lundi 20 avril 2020 \u00ab\u00a0Comment un homme peut-il na\u00eetre quand il est vieux\u00a0? Peut-il entrer une deuxi\u00e8me fois dans le sein de sa m\u00e8re et rena\u00eetre\u00a0?\u00a0\u00bb (Jn. 3, 4) Comment faire advenir l&rsquo;homme nouveau, l&rsquo;homme n\u00e9 de l&rsquo;Esprit, \u00e0 la place de l&rsquo;homme ancien n\u00e9 de la chair\u00a0? \u00c0&hellip;<\/p>\n","protected":false},"author":1,"featured_media":2058,"comment_status":"open","ping_status":"open","sticky":false,"template":"","format":"standard","meta":{"footnotes":""},"categories":[10],"tags":[],"class_list":["post-2057","post","type-post","status-publish","format-standard","has-post-thumbnail","hentry","category-homelies"],"_links":{"self":[{"href":"https:\/\/dominicainslille.fr\/index.php?rest_route=\/wp\/v2\/posts\/2057","targetHints":{"allow":["GET"]}}],"collection":[{"href":"https:\/\/dominicainslille.fr\/index.php?rest_route=\/wp\/v2\/posts"}],"about":[{"href":"https:\/\/dominicainslille.fr\/index.php?rest_route=\/wp\/v2\/types\/post"}],"author":[{"embeddable":true,"href":"https:\/\/dominicainslille.fr\/index.php?rest_route=\/wp\/v2\/users\/1"}],"replies":[{"embeddable":true,"href":"https:\/\/dominicainslille.fr\/index.php?rest_route=%2Fwp%2Fv2%2Fcomments&post=2057"}],"version-history":[{"count":1,"href":"https:\/\/dominicainslille.fr\/index.php?rest_route=\/wp\/v2\/posts\/2057\/revisions"}],"predecessor-version":[{"id":2059,"href":"https:\/\/dominicainslille.fr\/index.php?rest_route=\/wp\/v2\/posts\/2057\/revisions\/2059"}],"wp:featuredmedia":[{"embeddable":true,"href":"https:\/\/dominicainslille.fr\/index.php?rest_route=\/wp\/v2\/media\/2058"}],"wp:attachment":[{"href":"https:\/\/dominicainslille.fr\/index.php?rest_route=%2Fwp%2Fv2%2Fmedia&parent=2057"}],"wp:term":[{"taxonomy":"category","embeddable":true,"href":"https:\/\/dominicainslille.fr\/index.php?rest_route=%2Fwp%2Fv2%2Fcategories&post=2057"},{"taxonomy":"post_tag","embeddable":true,"href":"https:\/\/dominicainslille.fr\/index.php?rest_route=%2Fwp%2Fv2%2Ftags&post=2057"}],"curies":[{"name":"wp","href":"https:\/\/api.w.org\/{rel}","templated":true}]}}