{"id":2176,"date":"2020-05-19T16:35:27","date_gmt":"2020-05-19T14:35:27","guid":{"rendered":"http:\/\/dominicainslille.fr\/?p=2176"},"modified":"2020-05-19T16:35:28","modified_gmt":"2020-05-19T14:35:28","slug":"laction-de-lesprit","status":"publish","type":"post","link":"https:\/\/dominicainslille.fr\/?p=2176","title":{"rendered":"L&rsquo;action de l&rsquo;Esprit"},"content":{"rendered":"\n<figure class=\"wp-block-image\"><img decoding=\"async\" src=\"https:\/\/dominicainslille.fr\/wp-content\/uploads\/2020\/05\/20200425_083143-1024x768.jpg\" alt=\"\" class=\"wp-image-2160\"\/><\/figure>\n\n\n\n<p><strong>Hom\u00e9lie du fr\u00e8re Maurice Billet &#8211; <a href=\"https:\/\/www.aelf.org\/2020-05-19\/romain\/messe\">Mardi 19 avril 2020<\/a><\/strong><\/p>\n\n\n\n<p>Pendant le temps\npascal, nous lisons de larges extraits de l\u2019\u00e9vangile selon saint\nJean. \u00c0 quelques jours de l\u2019Ascension et de la Pentec\u00f4te, nous\nm\u00e9ditons les discours prononc\u00e9s par J\u00e9sus au cours du dernier\nrepas qu\u2019il a pris avec ses disciples, le Jeudi Saint. Dans\nl\u2019\u00e9vangile de ce jour, il \u00e9voque son prochain d\u00e9part, sa passion\net sa r\u00e9surrection. \u00ab&nbsp;Je m\u2019en vais aupr\u00e8s de celui qui m\u2019a\nenvoy\u00e9.&nbsp;\u00bb J\u00e9sus a annonc\u00e9, plusieurs fois, son d\u00e9part et le\ndon de l\u2019Esprit Saint. L\u2019annonce de ce d\u00e9part attriste les\nap\u00f4tres. Ce d\u00e9part est n\u00e9cessaire, dit J\u00e9sus, car il leur enverra\nun D\u00e9fenseur.<\/p>\n\n\n\n<p>Le d\u00e9fenseur c\u2019est l\u2019un des titres de l\u2019Esprit Saint. L\u2019Esprit a de nombreux titres : d\u00e9fenseur, avocat, consolateur, interpr\u00e8te pour comprendre l\u2019\u00c9criture. Il est celui qui vient prier en nous, en v\u00e9rit\u00e9. Quand le c\u0153ur de l\u2019homme est habit\u00e9 par l\u2019Esprit, il re\u00e7oit la lumi\u00e8re qui lui permet de discerner le bien et le mal. Mais surtout, cet homme peut comprendre ce qu\u2019est la justice divine, qui est toute mis\u00e9ricorde. Et voir en toute personne une s\u0153ur ou un fr\u00e8re \u00e0 aimer.<\/p>\n\n\n\n<p>Il faut mettre en\nrelation la premi\u00e8re lecture et l\u2019\u2019\u00e9vangile. Pierre et Silas\nsont emprisonn\u00e9s apr\u00e8s avoir chass\u00e9 les d\u00e9mons d\u2019une servante.\nAu cours de la nuit, un tremblement de terre survient et les portes\nde la prison s\u2019ouvrent et les liens des d\u00e9tenus se d\u00e9tachent. Les\nportes de la prison s\u2019ouvrent.<\/p>\n\n\n\n<p>Il faut y voir\nl\u2019action de l\u2019Esprit. C\u2019est lui qui nous lib\u00e8re. Son souffle\nbalaie toutes les craintes. Il nous sort de tous nos confinements,\nnos \u00e9troitesses. Il nous donne de voir nos existences et le monde\ndans lequel nous vivons avec le regard de tendresse du Seigneur.<\/p>\n\n\n\n<p>\nLe saint dont nous \u00e9voquons la m\u00e9moire est Yves, l\u2019un des saints\npopulaires de Bretagne. Il v\u00e9cut au 13<sup>e<\/sup> si\u00e8cle. Son\naction fut celle d\u2019\u00eatre avocat, et de d\u00e9fendre devant les juges,\nles pauvres, les orphelins, les orphelins. On dit de lui, que sa\nporte \u00e9tait toujours ouverte. Saint Yves a exerc\u00e9 l\u2019une des\ngrandes fonctions de l\u2019Esprit. Que son exemple nous donne le souci\ndes pauvres qui sont si nombreux dans notre pays et dans notre monde.<\/p>\n","protected":false},"excerpt":{"rendered":"<p>Hom\u00e9lie du fr\u00e8re Maurice Billet &#8211; Mardi 19 avril 2020 Pendant le temps pascal, nous lisons de larges extraits de l\u2019\u00e9vangile selon saint Jean. \u00c0 quelques jours de l\u2019Ascension et de la Pentec\u00f4te, nous m\u00e9ditons les discours prononc\u00e9s par J\u00e9sus au cours du dernier repas qu\u2019il a pris avec ses disciples, le Jeudi Saint. Dans&hellip;<\/p>\n","protected":false},"author":1,"featured_media":0,"comment_status":"open","ping_status":"open","sticky":false,"template":"","format":"standard","meta":{"footnotes":""},"categories":[10],"tags":[],"class_list":["post-2176","post","type-post","status-publish","format-standard","hentry","category-homelies"],"_links":{"self":[{"href":"https:\/\/dominicainslille.fr\/index.php?rest_route=\/wp\/v2\/posts\/2176","targetHints":{"allow":["GET"]}}],"collection":[{"href":"https:\/\/dominicainslille.fr\/index.php?rest_route=\/wp\/v2\/posts"}],"about":[{"href":"https:\/\/dominicainslille.fr\/index.php?rest_route=\/wp\/v2\/types\/post"}],"author":[{"embeddable":true,"href":"https:\/\/dominicainslille.fr\/index.php?rest_route=\/wp\/v2\/users\/1"}],"replies":[{"embeddable":true,"href":"https:\/\/dominicainslille.fr\/index.php?rest_route=%2Fwp%2Fv2%2Fcomments&post=2176"}],"version-history":[{"count":1,"href":"https:\/\/dominicainslille.fr\/index.php?rest_route=\/wp\/v2\/posts\/2176\/revisions"}],"predecessor-version":[{"id":2177,"href":"https:\/\/dominicainslille.fr\/index.php?rest_route=\/wp\/v2\/posts\/2176\/revisions\/2177"}],"wp:attachment":[{"href":"https:\/\/dominicainslille.fr\/index.php?rest_route=%2Fwp%2Fv2%2Fmedia&parent=2176"}],"wp:term":[{"taxonomy":"category","embeddable":true,"href":"https:\/\/dominicainslille.fr\/index.php?rest_route=%2Fwp%2Fv2%2Fcategories&post=2176"},{"taxonomy":"post_tag","embeddable":true,"href":"https:\/\/dominicainslille.fr\/index.php?rest_route=%2Fwp%2Fv2%2Ftags&post=2176"}],"curies":[{"name":"wp","href":"https:\/\/api.w.org\/{rel}","templated":true}]}}