{"id":3385,"date":"2023-06-18T10:00:00","date_gmt":"2023-06-18T08:00:00","guid":{"rendered":"https:\/\/dominicainslille.fr\/?p=3385"},"modified":"2023-06-17T21:51:52","modified_gmt":"2023-06-17T19:51:52","slug":"13-ouvriers-pour-la-moisson","status":"publish","type":"post","link":"https:\/\/dominicainslille.fr\/?p=3385","title":{"rendered":"13 ouvriers pour la moisson"},"content":{"rendered":"\n<p><em>Hom\u00e9lie du fr\u00e8re Nicolas Burle &#8211; 11e Dimanche du temps ordinaire A &#8211; 18 juin 2023<\/em><\/p>\n\n\n\n<!--more-->\n\n\n\n<p>En ce 18 juin, avez-vous entendu l&rsquo;appel ?<\/p>\n\n\n\n<p>C\u2019est normal que vous n\u2019ayez pas entendu. Puisqu\u2019il fallait d\u2019abord regarder.<\/p>\n\n\n\n<p>\u00ab&nbsp;Voyant les foules, J\u00e9sus fut saisi de compassion envers elles.&nbsp;\u00bb<\/p>\n\n\n\n<p>J\u00e9sus nous regarde. Et il est saisi de compassion.<\/p>\n\n\n\n<p>Sommes-nous saisis de compassion devant les foules&nbsp;? Pour cela, il faut commencer par relever la t\u00eate et regarder le monde autour de soi. Pour cela, il faut accepter d\u2019\u00eatre saisi.<\/p>\n\n\n\n<p>Parmi les raisons qui poussent les volontaires Dom&amp;Go \u00e0 partir en mission se trouve \u00e0 coup s\u00fbr celle-ci&nbsp;: avoir \u00e9t\u00e9 saisi de compassion.<\/p>\n\n\n\n<p>Sinon ils ne partiraient pas 6 ou 12 mois en volontariat mais en stage.<\/p>\n\n\n\n<p>Sinon ils diraient oui au CDI qui leur tend les bras en France.<\/p>\n\n\n\n<p>S\u2019ils quittent tout pour partir, c\u2019est parce que quelque chose les a saisis.<\/p>\n\n\n\n<p>Parce qu\u2019ils ont accept\u00e9 de regarder ce monde si grand, ces foules si nombreuses.<\/p>\n\n\n\n<p>Saisis de compassion parce que la mis\u00e8re du monde n\u2019est pas \u00e0 taille humaine.<\/p>\n\n\n\n<p>Saisis de compassion et conscients que seul le Christ compatissant peut \u00e9largir suffisamment notre c\u0153ur aux dimensions du monde.<\/p>\n\n\n\n<p>Mais regarder ne suffit pas encore faut-il \u00e9couter.<\/p>\n\n\n\n<p>J\u00e9sus parle \u00e0 ses disciples. J\u00e9sus nous parle. Il demande de prier pour qu\u2019il y ait des ouvriers. Nous sentons-nous concern\u00e9s par cette pri\u00e8re&nbsp;? Allons-nous r\u00e9pondre avec enthousiasme \u00ab&nbsp;Seigneur, me voici&nbsp;!&nbsp;\u00bb ou allons-nous montrer notre voisin \u00e0 J\u00e9sus en disant&nbsp;: \u00ab&nbsp;Seigneur, le voici&nbsp;!&nbsp;\u00bb Pour \u00e9couter encore faut-il avoir envie d\u2019entendre. Il n\u2019y a pas pire sourd que celui qui ne veut pas entendre.<\/p>\n\n\n\n<p>Les12 ap\u00f4tres, eux, ne se sont pas d\u00e9fauss\u00e9s \u00e0 l\u2019appel du Christ et c\u2019est pourquoi saint Matthieu cite leurs noms. Nos Dom&amp;Go aujourd\u2019hui sont 13. Chacun d\u2019eux a r\u00e9pondu \u00e0 l\u2019appel de son nom. Chacun s\u2019est mis au service du Christ comme on se met en route&nbsp;: avec d\u00e9termination, avec confiance, avec un pincement au c\u0153ur.<\/p>\n\n\n\n<p>Simon, Blanche, Charlotte, Gabrielle, Beno\u00eet, Maylis, Guillaume, Gabriel, Louis, Felipe, Augusto, Elise et Lauriane.<\/p>\n\n\n\n<p>Voici nos 13 ouvriers pour la moisson.<\/p>\n\n\n\n<p>Partant de France ou venus d\u2019Uruguay et des Philippines pour servir en Afrique, en Am\u00e9rique latine, en France et en Terre sainte.<\/p>\n\n\n\n<p>Et nous, fr\u00e8res et s\u0153urs, nous avons entendu aujourd\u2019hui l\u2019appel \u00e0 servir lanc\u00e9 par le Seigneur. O\u00f9 travaillons-nous pour la moisson aujourd\u2019hui&nbsp;?<\/p>\n\n\n\n<p>Car \u00e9couter ne sert \u00e0 rien si nous ne mettons pas cette parole en pratique. L\u2019enjeu de notre vie n\u2019est pas de parcourir des milliers de kilom\u00e8tres mais de parcourir 50 cm. Le chemin qui descend de l\u2019oreille jusqu\u2019au c\u0153ur. 50 cm que nous mettrons peut-\u00eatre toute notre vie \u00e0 parcourir. Il ne suffit pas d\u2019\u00eatre croyant, encore faut-il \u00eatre pratiquant. Mettre notre foi en pratique. Pratiquer aujourd\u2019hui et chaque jour cette parole du Christ&nbsp;: \u00ab&nbsp;vous avez re\u00e7u gratuitement : donnez gratuitement.&nbsp;\u00bb<\/p>\n\n\n\n<p>Une volontaire a t\u00e9moign\u00e9 hier de l\u2019ann\u00e9e qu\u2019elle a pass\u00e9 en Zambie. \u00c0 la fin, pour son d\u00e9part, les s\u0153urs lui ont offert une spatule. Une simple spatule en bois prise dans la cuisine. Parce que cette volontaire avait partag\u00e9 tous les repas pendant un an avec les s\u0153urs. Parce qu\u2019elles s\u2019\u00e9taient nourries ensemble. Parce que l\u2019hospitalit\u00e9 est sacr\u00e9e.<\/p>\n\n\n\n<p>Parce que l\u2019homme ne vit pas seulement de pain mais de toute Parole qui sort de la bouche de Dieu.<\/p>\n\n\n\n<p>Nous allons recevoir gratuitement le corps du Christ.<\/p>\n\n\n\n<p>Donnons-nous \u00e0 son image&nbsp;: sans compter. Sans rien attendre en retour.<\/p>\n","protected":false},"excerpt":{"rendered":"<p>Hom\u00e9lie du fr\u00e8re Nicolas Burle &#8211; 11e Dimanche du temps ordinaire A &#8211; 18 juin 2023<\/p>\n","protected":false},"author":1,"featured_media":3177,"comment_status":"open","ping_status":"open","sticky":false,"template":"","format":"standard","meta":{"footnotes":""},"categories":[10],"tags":[],"class_list":["post-3385","post","type-post","status-publish","format-standard","has-post-thumbnail","hentry","category-homelies"],"_links":{"self":[{"href":"https:\/\/dominicainslille.fr\/index.php?rest_route=\/wp\/v2\/posts\/3385","targetHints":{"allow":["GET"]}}],"collection":[{"href":"https:\/\/dominicainslille.fr\/index.php?rest_route=\/wp\/v2\/posts"}],"about":[{"href":"https:\/\/dominicainslille.fr\/index.php?rest_route=\/wp\/v2\/types\/post"}],"author":[{"embeddable":true,"href":"https:\/\/dominicainslille.fr\/index.php?rest_route=\/wp\/v2\/users\/1"}],"replies":[{"embeddable":true,"href":"https:\/\/dominicainslille.fr\/index.php?rest_route=%2Fwp%2Fv2%2Fcomments&post=3385"}],"version-history":[{"count":1,"href":"https:\/\/dominicainslille.fr\/index.php?rest_route=\/wp\/v2\/posts\/3385\/revisions"}],"predecessor-version":[{"id":3386,"href":"https:\/\/dominicainslille.fr\/index.php?rest_route=\/wp\/v2\/posts\/3385\/revisions\/3386"}],"wp:featuredmedia":[{"embeddable":true,"href":"https:\/\/dominicainslille.fr\/index.php?rest_route=\/wp\/v2\/media\/3177"}],"wp:attachment":[{"href":"https:\/\/dominicainslille.fr\/index.php?rest_route=%2Fwp%2Fv2%2Fmedia&parent=3385"}],"wp:term":[{"taxonomy":"category","embeddable":true,"href":"https:\/\/dominicainslille.fr\/index.php?rest_route=%2Fwp%2Fv2%2Fcategories&post=3385"},{"taxonomy":"post_tag","embeddable":true,"href":"https:\/\/dominicainslille.fr\/index.php?rest_route=%2Fwp%2Fv2%2Ftags&post=3385"}],"curies":[{"name":"wp","href":"https:\/\/api.w.org\/{rel}","templated":true}]}}