{"id":3421,"date":"2023-06-30T12:50:38","date_gmt":"2023-06-30T10:50:38","guid":{"rendered":"https:\/\/dominicainslille.fr\/?p=3421"},"modified":"2023-06-30T12:50:39","modified_gmt":"2023-06-30T10:50:39","slug":"la-petite-musique-du-ressuscite","status":"publish","type":"post","link":"https:\/\/dominicainslille.fr\/?p=3421","title":{"rendered":"La petite musique du Ressuscit\u00e9"},"content":{"rendered":"\n<p><em>Hom\u00e9lie du fr\u00e8re Franck Guyen &#8211; Dimanche 30 juin 2023<\/em><\/p>\n\n\n\n<!--more-->\n\n\n\n<p>Les disciples du Christ entendent une petite musique qui parle directement \u00e0 leur c\u0153ur, sans passer par les mots. Si on devait la retranscrire en langage humain, cela donnerait quelque chose comme&nbsp;: \u00ab&nbsp;J\u00e9sus est ressuscit\u00e9, lou\u00e9 soit Dieu&nbsp;\u00bb.<\/p>\n\n\n\n<p>C\u2019est une bonne nouvelle, parce que tout ce qui concerne J\u00e9sus nous concerne, et non seulement nous mais la cr\u00e9ation tout enti\u00e8re&nbsp;: Dieu r\u00e9alise son plan de salut en son Fils venu dans notre chair, la Passion et la R\u00e9surrection de J\u00e9sus \u2013 avec des lettres majuscules \u2013 ouvrent le ciel jusqu\u2019alors ferm\u00e9 par le p\u00e9ch\u00e9 originel.<\/p>\n\n\n\n<p>Et cette musique fait notre joie, car elle r\u00e9pond au d\u00e9sir de toute l\u2019humanit\u00e9 et pas seulement d\u2019elle mais de toute la cr\u00e9ation&nbsp;: le d\u00e9sir de vivre ensemble la vie bonne, la vie heureuse, r\u00e9concili\u00e9e avec elle-m\u00eame, avec les autres et avec Dieu&nbsp;; cette musique r\u00e9pond \u00e0 une esp\u00e9rance inscrite au plus profond de tout ce qui existe&nbsp;: le n\u00e9ant, l\u2019absurde, le mal passeront, la bont\u00e9, la vie, la joie d\u2019exister avec d\u2019autres et pour d\u2019autres ne passeront pas.<\/p>\n\n\n\n<p>Il nous revient d\u2019entendre cette petite musique et de la laisser r\u00e9sonner en nous jusqu\u2019\u00e0 nous transformer enti\u00e8rement, dans notre chair, notre volont\u00e9, notre intelligence, notre affectivit\u00e9. Et pour cela nous aurons \u00e0 refuser de suivre les suggestions d\u2019un monde ferm\u00e9 sur lui-m\u00eame, \u00ab&nbsp;auto-r\u00e9f\u00e9rentiel&nbsp;\u00bb, d\u2019un monde qui mijote dans son jus de passions m\u00e9diocres &#8211; ressentiment, col\u00e8re, peur &#8211; de vues \u00e9triqu\u00e9es \u2013 il n\u2019y a pas de vie apr\u00e8s la mort, chacun pour soi &#8211; et d\u2019obsessions pu\u00e9riles de jouissance, de domination et de possession.<\/p>\n\n\n\n<p>Ce monde-l\u00e0 ne veut pas sortir de son jus, il veut continuer \u00e0 tourner en rond, il ne veut pas lever la t\u00eate vers le ciel, il se refuse \u00e0 reconna\u00eetre sa d\u00e9pendance radicale \u00e0 une r\u00e9alit\u00e9 qui le d\u00e9passe infiniment \u2013 et cela fait son malheur.<\/p>\n\n\n\n<p>Soyons clairs, ne nous croyons pas trop vite en dehors de ce monde qui passe aussi \u00e0 l\u2019int\u00e9rieur de nous-m\u00eames. Nous avons \u00e0 unifier notre \u00eatre, nous avons \u00e0 nous mettre au diapason du P\u00e8re par son Fils, et cela prend du temps. Mais le grand bonheur, le bonheur authentique, le bonheur imp\u00e9rissable est \u00e0 ce prix.<\/p>\n\n\n\n<p><strong>En conclusion<\/strong>, mes amis, n\u2019acceptons pas les voix de r\u00e9signation, de pessimisme, de cynisme, les voix qui veulent nous maintenir dans le bain ti\u00e8de des passions m\u00e9diocres et des projets trop humains.<\/p>\n\n\n\n<p>Entendons la petite musique du Ressuscit\u00e9, laissons-la r\u00e9sonner dans toutes les fibres de notre \u00eatre, jusqu\u2019\u00e0 nous transformer en instruments choisis de toute \u00e9ternit\u00e9 par Dieu. Nous ne sommes ni le compositeur ni l\u2019interpr\u00e8te de la musique, mais le bois dont nous sommes faits, avec ses n\u0153uds, son \u00e2me, son histoire, va donner \u00e0 la musique sa couleur, sa sonorit\u00e9 uniques.<\/p>\n\n\n\n<p>B\u00e9ni soit Dieu, P\u00e8re, Fils et Saint-Esprit, maintenant et toujours.<\/p>\n","protected":false},"excerpt":{"rendered":"<p>Hom\u00e9lie du fr\u00e8re Franck Guyen &#8211; Dimanche 30 juin 2023<\/p>\n","protected":false},"author":1,"featured_media":3177,"comment_status":"open","ping_status":"open","sticky":false,"template":"","format":"standard","meta":{"footnotes":""},"categories":[10],"tags":[],"class_list":["post-3421","post","type-post","status-publish","format-standard","has-post-thumbnail","hentry","category-homelies"],"_links":{"self":[{"href":"https:\/\/dominicainslille.fr\/index.php?rest_route=\/wp\/v2\/posts\/3421","targetHints":{"allow":["GET"]}}],"collection":[{"href":"https:\/\/dominicainslille.fr\/index.php?rest_route=\/wp\/v2\/posts"}],"about":[{"href":"https:\/\/dominicainslille.fr\/index.php?rest_route=\/wp\/v2\/types\/post"}],"author":[{"embeddable":true,"href":"https:\/\/dominicainslille.fr\/index.php?rest_route=\/wp\/v2\/users\/1"}],"replies":[{"embeddable":true,"href":"https:\/\/dominicainslille.fr\/index.php?rest_route=%2Fwp%2Fv2%2Fcomments&post=3421"}],"version-history":[{"count":1,"href":"https:\/\/dominicainslille.fr\/index.php?rest_route=\/wp\/v2\/posts\/3421\/revisions"}],"predecessor-version":[{"id":3422,"href":"https:\/\/dominicainslille.fr\/index.php?rest_route=\/wp\/v2\/posts\/3421\/revisions\/3422"}],"wp:featuredmedia":[{"embeddable":true,"href":"https:\/\/dominicainslille.fr\/index.php?rest_route=\/wp\/v2\/media\/3177"}],"wp:attachment":[{"href":"https:\/\/dominicainslille.fr\/index.php?rest_route=%2Fwp%2Fv2%2Fmedia&parent=3421"}],"wp:term":[{"taxonomy":"category","embeddable":true,"href":"https:\/\/dominicainslille.fr\/index.php?rest_route=%2Fwp%2Fv2%2Fcategories&post=3421"},{"taxonomy":"post_tag","embeddable":true,"href":"https:\/\/dominicainslille.fr\/index.php?rest_route=%2Fwp%2Fv2%2Ftags&post=3421"}],"curies":[{"name":"wp","href":"https:\/\/api.w.org\/{rel}","templated":true}]}}