{"id":3452,"date":"2023-07-16T14:30:13","date_gmt":"2023-07-16T12:30:13","guid":{"rendered":"https:\/\/dominicainslille.fr\/?p=3452"},"modified":"2023-09-04T14:32:47","modified_gmt":"2023-09-04T12:32:47","slug":"aujourdhui-jesus-nous-raconte-des-histoires","status":"publish","type":"post","link":"https:\/\/dominicainslille.fr\/?p=3452","title":{"rendered":"Aujourd&rsquo;hui J\u00e9sus nous raconte des histoires"},"content":{"rendered":"\n<p><em>Hom\u00e9lie du fr\u00e8re Beno\u00eet Ente &#8211; Dimanche 16 juillet 2023<\/em><\/p>\n\n\n\n<!--more-->\n\n\n\n<p>Aujourd&rsquo;hui J\u00e9sus nous raconte des histoires. Qui aurait pu imaginer que les plus hautes id\u00e9es th\u00e9ologiques, les plus profondes pens\u00e9es sur Dieu soient exprim\u00e9es avec des histoires paysannes d&rsquo;arbres, de graines et de champs ? Ce qui me frappe de prime abord dans cette s\u00e9rie de paraboles, c&rsquo;est la simplicit\u00e9 des images prises par J\u00e9sus. J\u00e9sus n&rsquo;est pas un homme sophistiqu\u00e9. Il puise son inspiration dans sa vie, c&rsquo;est-\u00e0-dire dans la vie simple des hommes et des femmes laborieux de la campagne, ceux qui travaillent la terre \u00e0 la sueur de leur front, ceux qui p\u00e9trissent la p\u00e2te \u00e0 la poigne de leur main.&nbsp;<\/p>\n\n\n\n<p>Et pourtant, dans la premi\u00e8re parabole, il y a quelque chose qui me chiffonne. Quand une mauvaise herbe commence \u00e0 pousser, en g\u00e9n\u00e9ral, on l&rsquo;enl\u00e8ve le plus vite possible, quand elle est encore toute petite. Si on la laisse grandir, elle prend les nutriments de la terre et en prive les autres plantations. Elle devient aussi plus difficile \u00e0 arracher. Le fin observateur de la nature qu&rsquo;est J\u00e9sus ne pouvait ignorer ce b-aba du cultivateur. Or le ma\u00eetre demande aux serviteurs exactement l&rsquo;inverse : il doivent laisser pousser l&rsquo;ivraie.&nbsp;<\/p>\n\n\n\n<p>Par ce r\u00e9cit \u00e9trange, J\u00e9sus ne cherche pas nous enseigner la permaculture, il veut donc nous faire comprendre une chose essentielle : l&rsquo;ivraie et le bl\u00e9 sont m\u00eal\u00e9s de telle sorte qu&rsquo;il est tr\u00e8s risqu\u00e9 de dire lequel est de l&rsquo;ivraie et lequel est du bl\u00e9, lequel est sauv\u00e9 et lequel est damn\u00e9. Nos yeux obscurcis par le p\u00e9ch\u00e9 ne peuvent faire ce discernement. Il n&rsquo;appartient pas aux hommes d&rsquo;exercer ce jugement. Celui-ci revient exclusivement \u00e0 Dieu et \u00e0 ses anges.&nbsp;<\/p>\n\n\n\n<p>Oui fr\u00e8res et s\u0153urs, il y a des \u00e9l\u00e9ments invisibles qui \u00e9chappent \u00e0 nos yeux. Et justement, ce sont ces r\u00e9alit\u00e9s que cherchent \u00e0 r\u00e9v\u00e9ler les paraboles. Le plus souvent dans notre soci\u00e9t\u00e9, nous pensons avec des logiques d&rsquo;investisseurs : de gros moyens pour de gros r\u00e9sultats selon des r\u00e8gles de calcul qu&rsquo;on apprend \u00e0 l&rsquo;\u00e9cole. Le r\u00e9cit de la graine de moutarde et du levain racontent une autre histoire. La petitesse et la modestie des d\u00e9buts sont sans commune mesure avec la grandeur, la beaut\u00e9, la profusion de la fin. Pour J\u00e9sus, ce qui produit un r\u00e9sultat spectaculaire, ce n&rsquo;est pas la puissance des moyens mis en \u0153uvre, mais l&rsquo;intensit\u00e9 de l&rsquo;amour que nous mettons dans ce que nous faisons, la v\u00e9rit\u00e9 de notre engagement personnel.&nbsp;<\/p>\n\n\n\n<p>Regardez J\u00e9sus. Il est n\u00e9 au sein d&rsquo;un peuple insignifiant dans une famille modeste. Une poign\u00e9e de gens l&rsquo;ont suivi jusqu&rsquo;\u00e0 sa mort comme un esclave. Et pourtant aujourd&rsquo;hui des milliards d&rsquo;\u00eatres humains \u00e9coutent sa parole. J\u00e9sus n&rsquo;a rien gard\u00e9 pour lui. Il a tout offert, tout donn\u00e9. Et c&rsquo;est bien cette intensit\u00e9 de vie, cette puret\u00e9 absolue de l&rsquo;amour qui a vaincu la mort et g\u00e9n\u00e8re une f\u00e9condit\u00e9 infinie.<\/p>\n\n\n\n<p>En y regardant de plus pr\u00e8s, toutes ces paraboles annoncent une m\u00eame promesse, celle qu&rsquo;un jour le mal dispara\u00eetra dans le monde et dans nos c\u0153urs m\u00eal\u00e9s. Un jour, les guerres s&rsquo;arr\u00eateront et les larmes s\u00e8cheront d\u00e9finitivement. Les hommes jouiront alors d&rsquo;un bonheur sans commune mesure avec ce que nous pouvons m\u00eame imaginer aujourd&rsquo;hui. Mais n&rsquo;est-ce pas une belle histoire pour enfant, une fable cens\u00e9e consoler les opprim\u00e9s de l&rsquo;histoire&nbsp;? C&rsquo;est effectivement le danger d&rsquo;une telle image. Mais ce danger dispara\u00eet d\u00e8s lors que nous comprenons que ce grand jour ne tombe pas du ciel comme un OVNI. Dieu le fait advenir par le travail de nos mains, par notre engagement pour la justice, m\u00eame de ceux qui ne connaissent pas encore J\u00e9sus. Il a bien fallu un homme, une femme pour planter la graine de moutarde et surveiller sa croissance, pour mettre le levain dans la farine et p\u00e9trir la p\u00e2te, pour verser l&rsquo;eau dans les jarres \u00e0 Cana.&nbsp;<\/p>\n\n\n\n<p>Ces hommes et ces femmes, c&rsquo;est vous, c&rsquo;est moi. Ce miracle du Royaume de Dieu qui l\u00e8ve de fa\u00e7on invisible est le m\u00eame que celui du pain et du vin qui devient corps et sang du Christ. Heureux sommes nous s\u0153urs et fr\u00e8res d&rsquo;\u00eatre invit\u00e9s et de participer \u00e0 ce repas divin, le repas des noces de l&rsquo;agneau.<\/p>\n","protected":false},"excerpt":{"rendered":"<p>Hom\u00e9lie du fr\u00e8re Beno\u00eet Ente &#8211; Dimanche 16 juillet 2023<\/p>\n","protected":false},"author":1,"featured_media":3177,"comment_status":"open","ping_status":"open","sticky":false,"template":"","format":"standard","meta":{"footnotes":""},"categories":[10],"tags":[],"class_list":["post-3452","post","type-post","status-publish","format-standard","has-post-thumbnail","hentry","category-homelies"],"_links":{"self":[{"href":"https:\/\/dominicainslille.fr\/index.php?rest_route=\/wp\/v2\/posts\/3452","targetHints":{"allow":["GET"]}}],"collection":[{"href":"https:\/\/dominicainslille.fr\/index.php?rest_route=\/wp\/v2\/posts"}],"about":[{"href":"https:\/\/dominicainslille.fr\/index.php?rest_route=\/wp\/v2\/types\/post"}],"author":[{"embeddable":true,"href":"https:\/\/dominicainslille.fr\/index.php?rest_route=\/wp\/v2\/users\/1"}],"replies":[{"embeddable":true,"href":"https:\/\/dominicainslille.fr\/index.php?rest_route=%2Fwp%2Fv2%2Fcomments&post=3452"}],"version-history":[{"count":1,"href":"https:\/\/dominicainslille.fr\/index.php?rest_route=\/wp\/v2\/posts\/3452\/revisions"}],"predecessor-version":[{"id":3453,"href":"https:\/\/dominicainslille.fr\/index.php?rest_route=\/wp\/v2\/posts\/3452\/revisions\/3453"}],"wp:featuredmedia":[{"embeddable":true,"href":"https:\/\/dominicainslille.fr\/index.php?rest_route=\/wp\/v2\/media\/3177"}],"wp:attachment":[{"href":"https:\/\/dominicainslille.fr\/index.php?rest_route=%2Fwp%2Fv2%2Fmedia&parent=3452"}],"wp:term":[{"taxonomy":"category","embeddable":true,"href":"https:\/\/dominicainslille.fr\/index.php?rest_route=%2Fwp%2Fv2%2Fcategories&post=3452"},{"taxonomy":"post_tag","embeddable":true,"href":"https:\/\/dominicainslille.fr\/index.php?rest_route=%2Fwp%2Fv2%2Ftags&post=3452"}],"curies":[{"name":"wp","href":"https:\/\/api.w.org\/{rel}","templated":true}]}}