{"id":3517,"date":"2023-12-31T17:50:31","date_gmt":"2023-12-31T16:50:31","guid":{"rendered":"https:\/\/dominicainslille.fr\/?p=3517"},"modified":"2023-12-31T17:50:31","modified_gmt":"2023-12-31T16:50:31","slug":"ecoute-voir","status":"publish","type":"post","link":"https:\/\/dominicainslille.fr\/?p=3517","title":{"rendered":"\u00c9coute voir !"},"content":{"rendered":"\n<p><em>Hom\u00e9lie du fr\u00e8re Nicolas Burle &#8211; Messe de l&rsquo;aurore &#8211; 25 d\u00e9cembre 2023<\/em><\/p>\n\n\n\n<!--more-->\n\n\n\n<p>Les Lorrains ont l&rsquo;habitude d&rsquo;ajouter voir \u00e0 tous les verbes. Regarde voir (pl\u00e9onasme ?), \u00e9coute voir (contradiction ?), sens voir (comment ?), go\u00fbte voir (c&rsquo;est-\u00e0-dire ?).<\/p>\n\n\n\n<p>Mais \u00ab\u00a0voir\u00a0\u00bb ne d\u00e9signe pas ici le verbe mais plut\u00f4t l&rsquo;adverbe \u00ab\u00a0voire\u00a0\u00bb au sens latin de verum, vraiment. Regarde voir, regarde vraiment. C&rsquo;est ce qu&rsquo;ont fait les bergers : \u00ab Allons jusqu\u2019\u00e0 Bethl\u00e9em pour voir ce qui est arriv\u00e9, l\u2019\u00e9v\u00e9nement que le Seigneur nous a fait conna\u00eetre. \u00bb <\/p>\n\n\n\n<p>Un fr\u00e8re me faisait remarquer un jour que tous les sens sont mobilis\u00e9s \u00e0 chaque messe et particuli\u00e8rement \u00e0 la messe de l&rsquo;Aurore. Les bergers nous apprennent \u00e0 regarder avec attention apr\u00e8s avoir \u00e9cout\u00e9 avec attention, \u00e0 sentir et \u00e0 toucher. \u00ab\u00a0Ce qui \u00e9tait depuis le commencement, ce que nous avons entendu, ce que nous avons vu de nos yeux, ce que nous avons contempl\u00e9 et que nos mains ont touch\u00e9 du Verbe de vie, nous vous l\u2019annon\u00e7ons.\u00a0\u00bb 1 Jn1,1<\/p>\n\n\n\n<p>Mais il nous faut faire encore un pas. Si le Christ est n\u00e9 dans une mangeoire, \u00e0 Bethl\u00e9em, la maison du pain en h\u00e9breu, il veut qu&rsquo;\u00e0 chaque messe, nous approchions pour go\u00fbter, pour le recevoir int\u00e9rieurement et non plus seulement ext\u00e9rieurement. Il veut \u00eatre en nous pour que nous soyons en lui.<\/p>\n","protected":false},"excerpt":{"rendered":"<p>Hom\u00e9lie du fr\u00e8re Nicolas Burle &#8211; Messe de l&rsquo;aurore &#8211; 25 d\u00e9cembre 2023<\/p>\n","protected":false},"author":1,"featured_media":3177,"comment_status":"open","ping_status":"open","sticky":false,"template":"","format":"standard","meta":{"footnotes":""},"categories":[10],"tags":[],"class_list":["post-3517","post","type-post","status-publish","format-standard","has-post-thumbnail","hentry","category-homelies"],"_links":{"self":[{"href":"https:\/\/dominicainslille.fr\/index.php?rest_route=\/wp\/v2\/posts\/3517","targetHints":{"allow":["GET"]}}],"collection":[{"href":"https:\/\/dominicainslille.fr\/index.php?rest_route=\/wp\/v2\/posts"}],"about":[{"href":"https:\/\/dominicainslille.fr\/index.php?rest_route=\/wp\/v2\/types\/post"}],"author":[{"embeddable":true,"href":"https:\/\/dominicainslille.fr\/index.php?rest_route=\/wp\/v2\/users\/1"}],"replies":[{"embeddable":true,"href":"https:\/\/dominicainslille.fr\/index.php?rest_route=%2Fwp%2Fv2%2Fcomments&post=3517"}],"version-history":[{"count":1,"href":"https:\/\/dominicainslille.fr\/index.php?rest_route=\/wp\/v2\/posts\/3517\/revisions"}],"predecessor-version":[{"id":3518,"href":"https:\/\/dominicainslille.fr\/index.php?rest_route=\/wp\/v2\/posts\/3517\/revisions\/3518"}],"wp:featuredmedia":[{"embeddable":true,"href":"https:\/\/dominicainslille.fr\/index.php?rest_route=\/wp\/v2\/media\/3177"}],"wp:attachment":[{"href":"https:\/\/dominicainslille.fr\/index.php?rest_route=%2Fwp%2Fv2%2Fmedia&parent=3517"}],"wp:term":[{"taxonomy":"category","embeddable":true,"href":"https:\/\/dominicainslille.fr\/index.php?rest_route=%2Fwp%2Fv2%2Fcategories&post=3517"},{"taxonomy":"post_tag","embeddable":true,"href":"https:\/\/dominicainslille.fr\/index.php?rest_route=%2Fwp%2Fv2%2Ftags&post=3517"}],"curies":[{"name":"wp","href":"https:\/\/api.w.org\/{rel}","templated":true}]}}