{"id":3521,"date":"2024-01-02T17:00:24","date_gmt":"2024-01-02T16:00:24","guid":{"rendered":"https:\/\/dominicainslille.fr\/?p=3521"},"modified":"2024-01-07T14:11:16","modified_gmt":"2024-01-07T13:11:16","slug":"3521","status":"publish","type":"post","link":"https:\/\/dominicainslille.fr\/?p=3521","title":{"rendered":"Sainte famille"},"content":{"rendered":"\n<p><em>Hom\u00e9lie du fr\u00e8re Beno\u00eet Ente &#8211; F\u00eate de la sainte famille &#8211; 31 d\u00e9cembre 2023<\/em><\/p>\n\n\n\n<!--more-->\n\n\n\n<p>Je suis surpris fr\u00e8res et s\u0153urs, par les lectures choisies par la liturgie pour la f\u00eate de la Sainte Famille. Elles sont centr\u00e9es sur la foi. Foi d&rsquo;Abraham, de Sara, des parents de J\u00e9sus qui observent la Loi du Seigneur et enfin foi d&rsquo;Anne et de Sym\u00e9on.&nbsp;<\/p>\n\n\n\n<p>Peut-\u00eatre que ce choix nous rappelle que fonder une famille, en particulier aujourd&rsquo;hui, est un saut dans l&rsquo;inconnu, une confiance en la vie, un v\u00e9ritable acte de foi en un Dieu cr\u00e9ateur qui est avec nous. Abraham t\u00e9moigne de cette confiance lorsque tout au d\u00e9but de son histoire, il accepte de quitter les siens pour partir loin de sa patrie. Plus tard, sa foi en la promesse de Dieu qui lui dit que sa vie sera tr\u00e8s f\u00e9conde, est une nouvelle forme de cette confiance initiale. En fait, Abraham a foi en un Dieu bienveillant, ami des hommes et cela lui donne l&rsquo;audace de le suivre l\u00e0 o\u00f9 il l&#8217;emm\u00e8ne.&nbsp;<\/p>\n\n\n\n<p>Dans notre petite communaut\u00e9 de la maison du 60, nous voyons de nombreux parents seuls, nous voyons aussi des couples se faire et se d\u00e9faire, des enfants plac\u00e9s en famille d&rsquo;accueil avec une ou deux visites par semaines de leurs parents. En fait, je peux dire qu&rsquo;il est bien rare de trouver une famille avec un papa, une maman et des enfants li\u00e9s par le sang. Cette r\u00e9alit\u00e9 n&rsquo;est qu&rsquo;une version un peu extr\u00eame de ce que nous trouvons dans notre soci\u00e9t\u00e9 : des familles dispers\u00e9es, \u00e9clat\u00e9es, recompos\u00e9es.&nbsp;<\/p>\n\n\n\n<p>Ce constat nous interroge : qu&rsquo;est-ce qui profond\u00e9ment fait l&rsquo;unit\u00e9 d&rsquo;une famille ? Assur\u00e9ment, ce n&rsquo;est pas le lien du sang. Quand nous \u00e9coutons les lectures de ce jour, n&rsquo;avez vous pas l&rsquo;impression qu&rsquo;Abraham est l&rsquo;anc\u00eatre de J\u00e9sus, Anne et Sym\u00e9on ses grands parents&nbsp;? Oui, la venue de J\u00e9sus \u00e9largit le sens que nous pouvons avoir de la famille. Ce qui profond\u00e9ment fait l&rsquo;unit\u00e9 des membres d&rsquo;une famille, ce n&rsquo;est pas d&rsquo;abord le sang, mais une foi commune, une adh\u00e9sion personnelle au projet d&rsquo;amour de Dieu sur notre monde et sur chacun d&rsquo;entre nous.&nbsp;<\/p>\n\n\n\n<p>D&rsquo;ailleurs, ceux qui fr\u00e9quentent la Maison du 60 la d\u00e9crivent souvent comme une famille. Sans la foi, les liens du sang se d\u00e9litent et inversement, la foi a le pouvoir de les reconstituer. A la Maison du 60, nous voyons parfois le miracle de personnes qui nous fr\u00e9quentent pendant des ann\u00e9es, reconstituer des liens de sang bris\u00e9s.&nbsp;<\/p>\n\n\n\n<p>Dans le passage du livre de la Gen\u00e8se, Dieu promet \u00e0 Abraham \u00ab ce n&rsquo;est pas lui qui sera ton h\u00e9ritier mais quelqu&rsquo;un de ton sang \u00bb. En r\u00e9alit\u00e9, les mots h\u00e9breux ne disent pas sang, mais litt\u00e9ralement \u00ab&nbsp;quelqu&rsquo;un issu de tes entrailles&nbsp;\u00bb, une expression qui \u00e9largit les horizons et le sens. En effet, les entrailles d&rsquo;Abraham fr\u00e9missent pour Dieu, elles fr\u00e9missent quand il entend sa promesse, elles fr\u00e9missent aussi de compassion pour son cousin Loth. De ces entrailles fr\u00e9missantes qui rejoignent celles des proph\u00e8tes, de J\u00e9sus et des n\u00f4tres aujourd&rsquo;hui face aux d\u00e9tresses de notre monde, jaillit myst\u00e9rieusement une f\u00e9condit\u00e9 surnaturelle, une sainte famille ou plut\u00f4t un peuple saint.&nbsp;<\/p>\n\n\n\n<p>Ce peuple se reconna\u00eet par un signe, un \u00e9tendard, un geste racont\u00e9 dans l&rsquo;\u00e9vangile de ce jour&nbsp;: la cons\u00e9cration \u00e0 Dieu. J\u00e9sus pr\u00e9sent\u00e9 au temple est consacr\u00e9 \u00e0 Dieu. Mais bien avant lui, Abraham, par sa foi, par sa fid\u00e9lit\u00e9, s&rsquo;est consacr\u00e9 \u00e0 Dieu tout comme Anne, Sym\u00e9on, les disciples et vous aujourd&rsquo;hui. Car la cons\u00e9cration \u00e0 Dieu n&rsquo;est pas r\u00e9serv\u00e9e aux pr\u00eatres, religieux et religieuses comme on le dit parfois, mais elle est pour tous ceux qui vivent de la foi du bapt\u00eame, qui entrent dans une relation en esprit et en v\u00e9rit\u00e9 avec le Dieu d&rsquo;amour que J\u00e9sus nous a appris \u00e0 appeler P\u00e8re.&nbsp;<\/p>\n\n\n\n<p>La sainte famille, c&rsquo;est-\u00e0-dire selon les mots m\u00eame de J\u00e9sus, \u00ab ceux qui \u00e9coutent la parole de Dieu et qui la mettent en pratique&nbsp;\u00bb, devient ainsi un peuple de consacr\u00e9s qu&rsquo;aucune fronti\u00e8re humaine ne peut plus circonscrire. J\u00e9sus est n\u00e9 dans une petite famille humble et profond\u00e9ment fid\u00e8le \u00e0 Dieu. Mais sa vie, sa parole nous fait passer sans cesse de cette famille nucl\u00e9aire \u00e0 la grande famille des enfants de Dieu, celle o\u00f9 nous d\u00e9couvrons \u00e0 nos c\u00f4t\u00e9s une multitude de fr\u00e8res et de s\u0153urs avec qui se r\u00e9jouir, avec qui partager, et parfois avec qui pleurer. Et nous reconnaissons avec \u00e9merveillement dans ce corps, le Royaume de Cieux qui vient.<\/p>\n\n\n\n<p>Amen.<\/p>\n","protected":false},"excerpt":{"rendered":"<p>Hom\u00e9lie du fr\u00e8re Beno\u00eet Ente &#8211; F\u00eate de la sainte famille &#8211; 31 d\u00e9cembre 2023<\/p>\n","protected":false},"author":1,"featured_media":3177,"comment_status":"open","ping_status":"open","sticky":false,"template":"","format":"standard","meta":{"footnotes":""},"categories":[10],"tags":[],"class_list":["post-3521","post","type-post","status-publish","format-standard","has-post-thumbnail","hentry","category-homelies"],"_links":{"self":[{"href":"https:\/\/dominicainslille.fr\/index.php?rest_route=\/wp\/v2\/posts\/3521","targetHints":{"allow":["GET"]}}],"collection":[{"href":"https:\/\/dominicainslille.fr\/index.php?rest_route=\/wp\/v2\/posts"}],"about":[{"href":"https:\/\/dominicainslille.fr\/index.php?rest_route=\/wp\/v2\/types\/post"}],"author":[{"embeddable":true,"href":"https:\/\/dominicainslille.fr\/index.php?rest_route=\/wp\/v2\/users\/1"}],"replies":[{"embeddable":true,"href":"https:\/\/dominicainslille.fr\/index.php?rest_route=%2Fwp%2Fv2%2Fcomments&post=3521"}],"version-history":[{"count":2,"href":"https:\/\/dominicainslille.fr\/index.php?rest_route=\/wp\/v2\/posts\/3521\/revisions"}],"predecessor-version":[{"id":3523,"href":"https:\/\/dominicainslille.fr\/index.php?rest_route=\/wp\/v2\/posts\/3521\/revisions\/3523"}],"wp:featuredmedia":[{"embeddable":true,"href":"https:\/\/dominicainslille.fr\/index.php?rest_route=\/wp\/v2\/media\/3177"}],"wp:attachment":[{"href":"https:\/\/dominicainslille.fr\/index.php?rest_route=%2Fwp%2Fv2%2Fmedia&parent=3521"}],"wp:term":[{"taxonomy":"category","embeddable":true,"href":"https:\/\/dominicainslille.fr\/index.php?rest_route=%2Fwp%2Fv2%2Fcategories&post=3521"},{"taxonomy":"post_tag","embeddable":true,"href":"https:\/\/dominicainslille.fr\/index.php?rest_route=%2Fwp%2Fv2%2Ftags&post=3521"}],"curies":[{"name":"wp","href":"https:\/\/api.w.org\/{rel}","templated":true}]}}