{"id":3739,"date":"2025-09-13T09:39:11","date_gmt":"2025-09-13T07:39:11","guid":{"rendered":"https:\/\/dominicainslille.fr\/?p=3739"},"modified":"2025-09-13T09:39:12","modified_gmt":"2025-09-13T07:39:12","slug":"les-dominicains-semaine-du-8-au-14-septembre","status":"publish","type":"post","link":"https:\/\/dominicainslille.fr\/?p=3739","title":{"rendered":"Les dominicains &#8211; Semaine du 8 au 14 septembre"},"content":{"rendered":"\n<p><strong>En cette septi\u00e8me saison 2025-2026,\u00a0lesdominicains\u00a0vous propose d\u00e8s le mois de septembre un programme pluridisciplinaire o\u00f9 l&rsquo;histoire, les arts et l&rsquo;actualit\u00e9 vous offre d&rsquo;aviser votre entendement du monde d&rsquo;hier et d&rsquo;aujourd&rsquo;hui au-del\u00e0 des id\u00e9es re\u00e7ues.<\/strong><\/p>\n<p><span style=\"color: #800080; font-size: large;\">LE MONDE MERVEILLEUX DE JAN BRUEGHEL L&rsquo;ANCIEN ET DE HENDRICK VAN BALEN<\/span><\/p>\n<p><strong>\u00c0 l\u2019occasion du 400e anniversaire de sa mort, le mus\u00e9e de Flandre \u00e0 Cassel rend hommage \u00e0 l\u2019un des plus importants peintres anversois du XVIIe si\u00e8cle : Jan Brueghel l\u2019Ancien (1568-1625), dit Brueghel de Velours. Virtuose dans l&rsquo;art de la couleur, dou\u00e9 d&rsquo;une touche miniaturiste hors du commun et sp\u00e9cialiste des paysages, des fleurs, des fruits et des animaux, Brueghel s\u2019adjoint souvent les comp\u00e9tences d\u2019autres peintres, charg\u00e9s de repr\u00e9senter les figures, dont Rubens (1577-1640) et Hendrick Van Balen (1575-1632).<\/strong><\/p>\n<p><strong>Dans le cadre de l&rsquo;exposition du mus\u00e9e de Flandre \u00e0 Cassel jusqu&rsquo;au 28 septembre<\/strong><\/p>\n<p>Jeudi 11 septembre \u00e0 18h30<\/p>\n<p>\u00a0<\/p>\n<div><strong>EXPOSITION<\/strong><\/div>\n<div>\n<p>\u00a0<\/p>\n<p><strong>L&rsquo;ANTH\u00c8DON DE GAZA<\/strong><\/p>\n<p><strong>Chantier-\u00c9cole de Blakhiya\u00a0<\/strong><strong>de Gaza 1995-2012<\/strong><\/p>\n<p><strong>Au nord de Gaza, l\u2019Anth\u00e9don de Palestine est l\u2019ancien port marchand o\u00f9, pendant 2500 ans, les navires ph\u00e9niciens, grecs et cr\u00e9tois accostent pour acheminer les merveilles de la P\u00e9ninsule arabique, de la corne de l\u2019Afrique et de l\u2019Inde avec le monde m\u00e9diterran\u00e9en. En ces temps de crise au Proche Orient, l\u2019exposition sur les fouilles du site de l\u2019Anth\u00e9don, r\u00e9alis\u00e9es par l\u2019\u00c9cole Biblique et Arch\u00e9ologique Fran\u00e7aise\u00a0de J\u00e9rusalem, entre 1995 et 2012, rappelle combien le patrimoine\u00a0du \u00ab\u00a0berceau de l\u2019humanit\u00e9\u00a0\u00bb est menac\u00e9.<\/strong><\/p>\n<p><strong>Ouverture du 12 septembre au 2 novembre 2025, d<\/strong><strong>u vendredi au dimanche, de 14h \u00e0 18h<\/strong><\/p>\n<div><strong>EXPOSITION<\/strong><\/div>\n<div>\n<p><strong>DAMES ILLUSTRES\u00a0 <\/strong><strong>ET FEMMES LIBRES <\/strong><strong>AU MOYEN \u00c2GE<\/strong><\/p>\n<p><strong>Chemin d&rsquo;\u00e9mancipation spirituelle du VIIe au XVe si\u00e8cle<\/strong><\/p>\n<p><strong>Contrairement aux id\u00e9es re\u00e7ues, elles ont un r\u00f4le de premier plan dans l\u2019essor spirituel, culturel et politique du Moyen \u00c2ge.\u00a0<\/strong><strong>D\u00e8s l\u2019\u00e9poque romane et jusqu\u2019\u00e0 l\u2019\u00e2ge gothique, de nombreuses femmes, auteures d\u2019une \u0153uvre litt\u00e9raire majeure, comme Hadewijch d&rsquo;Anvers (vers 1275), ont une r\u00e9elle influence sur la pens\u00e9e des mystiques et des th\u00e9ologiens m\u00e9di\u00e9vaux comme Ma\u00eetre Eckhart (1260-1328).<\/strong><\/p>\n<p><strong>Magnifi\u00e9e par l&rsquo;oeuvre peint et grav\u00e9 d&rsquo;Odile de Rousiers, l&rsquo;exposition b\u00e9n\u00e9ficie d&rsquo;enluminures et de pr\u00e9cieux documents du XVe au XXe si\u00e8cle.<\/strong><\/p>\n<p><strong>Ouverture du 12 septembre au 2 novembre 2025, d<\/strong><strong>u vendredi au dimanche, de 14h \u00e0 18h<\/strong><\/p>\n<div><strong>CONF\u00c9RENCE<\/strong><\/div>\n<div>\n<div>\n<p>\u00a0<\/p>\n<\/div>\n<p><strong><span style=\"color: #800080; font-size: large;\">L&rsquo;AVANT-SC\u00c8NE CUBISTE : LA D\u00c9FLAGRATION DES ARTS SELON PICASSO, BRAQUE ET HERBIN<\/span><\/strong><\/p>\n<p><strong>\u00c0 l\u2019occasion\u00a0Lille 3000 Fiesta\u00a0et\u00a0<\/strong><strong>des\u00a0Journ\u00e9es Europ\u00e9ennes du Patrimoine, du 20 au 24 septembre, l&rsquo;Op\u00e9ra de Lille\u00a0pr\u00e9sente, \u00e0 titre exceptionnel, le rideau de sc\u00e8ne peint par Pablo Picasso pour \u00ab\u00a0Parade d&rsquo;Erik Satie\u00a0\u00bb.<\/strong><\/p>\n<p><strong>C&rsquo;est l&rsquo;occasion de r\u00e9d\u00e9couvrir l&rsquo;aventure et la d\u00e9flagration cubiste mise en oeuvre par Pablo Picasso (1881-1973), Georges Braque (1882-195<\/strong><strong>3) et Auguste Hrbin (1882-1960) originaire du Nord.<\/strong><\/p>\n<p><em><strong>En partenariat avec l&rsquo;Op\u00e9ra de Lille<\/strong><\/em><\/p>\n<p><strong><span style=\"color: #800080; font-size: medium;\">Lundi 15 septembre \u00e0 20<\/span>h30<\/strong><\/p>\n<div><strong>CONF\u00c9RENCE<\/strong><\/div>\n<div>\n<div>\n<p>\u00a0<\/p>\n<\/div>\n<p><strong><span style=\"color: #800080; font-size: large;\">ID\u00c9ES RE\u00c7UES SUR L&rsquo;IRAN<\/span><\/strong><\/p>\n<p><strong><span style=\"color: #800080; font-size: large;\">UN POUVOIR A BOUT DE SOUFFLE ?<\/span><\/strong><\/p>\n<p>\u00a0<\/p>\n<p><strong>S&rsquo;il est un pays du Moyen-Orient qui n&rsquo;a pas quitt\u00e9 l&rsquo;actualit\u00e9 depuis pr\u00e8s d&rsquo;un demi-si\u00e8cle, c&rsquo;est bien l&rsquo;Iran depuis sa R\u00e9volution islamique de 1979. Or, fut-il en quasi-permanence sous le feu des m\u00e9dias et de nombreux analystes, nous le connaissons tr\u00e8s mal tant le pouvoir cl\u00e9rical fait peser une chape de plomb sur le pays. Que sait-on de son histoire &#8211; en dehors de quelques figures mythiques de la Perse -, de son syst\u00e8me politique, de sa soci\u00e9t\u00e9 civile ? Quelles sont ses relations avec la Russie, avec ses voisins, \u00e0 commencer par Isra\u00ebl, l&rsquo;ennemi id\u00e9ologique depuis 1979, et avec le \u00ab Grand Satan \u00bb am\u00e9ricain ? Son isolement que l&rsquo;on d\u00e9peint fr\u00e9quemment en Occident est-il aussi fort qu&rsquo;on le dit ? Comment doit-on lire son adh\u00e9sion aux BRICS+ et \u00e0 l&rsquo;OCS ?\u00a0<\/strong><\/p>\n<p><strong><span style=\"color: #800080; font-size: medium;\">Lundi 22 septembre \u00e0 20<\/span>h30<\/strong><\/p>\n<\/div>\n<\/div>\n<\/div>\n<\/div>\n<p>\u00a0<\/p>\n\n\n","protected":false},"excerpt":{"rendered":"<p>En cette septi\u00e8me saison 2025-2026,\u00a0lesdominicains\u00a0vous propose d\u00e8s le mois de septembre un programme pluridisciplinaire o\u00f9 l&rsquo;histoire, les arts et l&rsquo;actualit\u00e9 vous offre d&rsquo;aviser votre entendement du monde d&rsquo;hier et d&rsquo;aujourd&rsquo;hui au-del\u00e0 des id\u00e9es re\u00e7ues. LE MONDE MERVEILLEUX DE JAN BRUEGHEL L&rsquo;ANCIEN ET DE HENDRICK VAN BALEN \u00c0 l\u2019occasion du 400e anniversaire de sa mort, le&hellip;<\/p>\n","protected":false},"author":1,"featured_media":3740,"comment_status":"open","ping_status":"open","sticky":false,"template":"","format":"standard","meta":{"footnotes":""},"categories":[12],"tags":[],"class_list":["post-3739","post","type-post","status-publish","format-standard","has-post-thumbnail","hentry","category-evenements"],"_links":{"self":[{"href":"https:\/\/dominicainslille.fr\/index.php?rest_route=\/wp\/v2\/posts\/3739","targetHints":{"allow":["GET"]}}],"collection":[{"href":"https:\/\/dominicainslille.fr\/index.php?rest_route=\/wp\/v2\/posts"}],"about":[{"href":"https:\/\/dominicainslille.fr\/index.php?rest_route=\/wp\/v2\/types\/post"}],"author":[{"embeddable":true,"href":"https:\/\/dominicainslille.fr\/index.php?rest_route=\/wp\/v2\/users\/1"}],"replies":[{"embeddable":true,"href":"https:\/\/dominicainslille.fr\/index.php?rest_route=%2Fwp%2Fv2%2Fcomments&post=3739"}],"version-history":[{"count":1,"href":"https:\/\/dominicainslille.fr\/index.php?rest_route=\/wp\/v2\/posts\/3739\/revisions"}],"predecessor-version":[{"id":3741,"href":"https:\/\/dominicainslille.fr\/index.php?rest_route=\/wp\/v2\/posts\/3739\/revisions\/3741"}],"wp:featuredmedia":[{"embeddable":true,"href":"https:\/\/dominicainslille.fr\/index.php?rest_route=\/wp\/v2\/media\/3740"}],"wp:attachment":[{"href":"https:\/\/dominicainslille.fr\/index.php?rest_route=%2Fwp%2Fv2%2Fmedia&parent=3739"}],"wp:term":[{"taxonomy":"category","embeddable":true,"href":"https:\/\/dominicainslille.fr\/index.php?rest_route=%2Fwp%2Fv2%2Fcategories&post=3739"},{"taxonomy":"post_tag","embeddable":true,"href":"https:\/\/dominicainslille.fr\/index.php?rest_route=%2Fwp%2Fv2%2Ftags&post=3739"}],"curies":[{"name":"wp","href":"https:\/\/api.w.org\/{rel}","templated":true}]}}